{"id":1096,"date":"2009-05-01T14:49:38","date_gmt":"2009-05-01T18:49:38","guid":{"rendered":"http:\/\/www.redenoticia.com.br\/noticia\/?p=1096"},"modified":"2009-05-01T14:49:38","modified_gmt":"2009-05-01T18:49:38","slug":"1%c2%ba-de-maio-em-ji-parana","status":"publish","type":"post","link":"https:\/\/migracao.redenoticia.com.br\/noticia\/2009\/1%c2%ba-de-maio-em-ji-parana\/1096","title":{"rendered":"1\u00ba de Maio em Ji-Paran\u00e1"},"content":{"rendered":"<p class=\"NormalWeb3\"><span style=\"font-family: Arial;\" lang=\"EN\"><a href=\"https:\/\/migracao.redenoticia.com.br\/noticia\/imagens\/\/trabalho.jpg\"><img loading=\"lazy\" decoding=\"async\" class=\"alignleft size-medium wp-image-1097\" title=\"trabalho\" src=\"https:\/\/migracao.redenoticia.com.br\/noticia\/imagens\/\/trabalho-249x187.jpg\" alt=\"trabalho\" width=\"249\" height=\"187\" \/><\/a>Com o Beira Rio interditado at\u00e9 2010, o Centro Esportivo Gerivaldo Jos\u00e9 de Souza sendo preparado para a 1\u00aa FECOMIND e a Pra\u00e7a da B\u00edblia proibida de ser palco cultural pela lei <\/span><span style=\"font-family: Arial;\">1806 de 18 julho de 2008, Ji-Paran\u00e1 est\u00e1 sem espa\u00e7o p\u00fablico para realiza\u00e7\u00e3o de festas e apresenta\u00e7\u00f5es art\u00edsticas.<\/span><\/p>\n<p class=\"NormalWeb3\"><span style=\"font-family: Arial;\" lang=\"EN\">Enquanto diversas cidades realizaram shows e apresenta\u00e7\u00f5es de artistas locais para comemorar o dia do trabalhador, em Ji-Paran\u00e1 a festa resumiu-se em encontros isoladas e campeonatos esportivos realizados em espa\u00e7os alternativos, como a quadra do migrante, a qual n\u00e3o comporta p\u00fablico expressivo esperado em final de campeonatos.<\/span><\/p>\n<p class=\"NormalWeb3\"><span style=\"font-family: Arial;\" lang=\"EN\">Pr\u00f3ximo do dia das m\u00e3es, os talentos que se prepararam para apresenta\u00e7\u00f5es ter\u00e3o que cancelar eventos ou se contentar com pequenos espa\u00e7os em escolas e entidades sociais.<\/span><\/p>\n<p class=\"NormalWeb3\"><span style=\"font-family: Arial;\" lang=\"EN\">Uma solu\u00e7\u00e3o seria a aprova\u00e7\u00e3o pela c\u00e2mara municipal da lei <\/span><span style=\"font-family: Arial;\">2288 de 25 de mar\u00e7o de 2009, que revoga a lei 1806 e permite o uso do palco da Pra\u00e7a da B\u00edblia, mas na \u00faltima sess\u00e3o o projeto foi arquivado.<\/span><\/p>\n<p class=\"NormalWeb3\"><span style=\"font-family: Arial;\">Espera-se que na pr\u00f3xima ter\u00e7a os vereadores voltem a discutir o assunto e apresentem uma solu\u00e7\u00e3o para o impasse.<\/span><\/p>\n","protected":false},"excerpt":{"rendered":"<p>Com o Beira Rio interditado at\u00e9 2010, o Centro Esportivo Gerivaldo Jos\u00e9 de Souza sendo preparado para a 1\u00aa FECOMIND e a Pra\u00e7a da B\u00edblia proibida de ser palco cultural pela lei 1806 de 18 julho de 2008, Ji-Paran\u00e1 est\u00e1 sem espa\u00e7o p\u00fablico para realiza\u00e7\u00e3o de festas e apresenta\u00e7\u00f5es art\u00edsticas. Enquanto diversas cidades realizaram shows [&hellip;]<\/p>\n","protected":false},"author":3,"featured_media":0,"comment_status":"open","ping_status":"open","sticky":false,"template":"","format":"standard","meta":{"tdm_status":"","tdm_grid_status":"","footnotes":""},"categories":[22],"tags":[],"class_list":{"0":"post-1096","1":"post","2":"type-post","3":"status-publish","4":"format-standard","6":"category-brasil"},"_links":{"self":[{"href":"https:\/\/migracao.redenoticia.com.br\/noticia\/wp-json\/wp\/v2\/posts\/1096","targetHints":{"allow":["GET"]}}],"collection":[{"href":"https:\/\/migracao.redenoticia.com.br\/noticia\/wp-json\/wp\/v2\/posts"}],"about":[{"href":"https:\/\/migracao.redenoticia.com.br\/noticia\/wp-json\/wp\/v2\/types\/post"}],"author":[{"embeddable":true,"href":"https:\/\/migracao.redenoticia.com.br\/noticia\/wp-json\/wp\/v2\/users\/3"}],"replies":[{"embeddable":true,"href":"https:\/\/migracao.redenoticia.com.br\/noticia\/wp-json\/wp\/v2\/comments?post=1096"}],"version-history":[{"count":0,"href":"https:\/\/migracao.redenoticia.com.br\/noticia\/wp-json\/wp\/v2\/posts\/1096\/revisions"}],"wp:attachment":[{"href":"https:\/\/migracao.redenoticia.com.br\/noticia\/wp-json\/wp\/v2\/media?parent=1096"}],"wp:term":[{"taxonomy":"category","embeddable":true,"href":"https:\/\/migracao.redenoticia.com.br\/noticia\/wp-json\/wp\/v2\/categories?post=1096"},{"taxonomy":"post_tag","embeddable":true,"href":"https:\/\/migracao.redenoticia.com.br\/noticia\/wp-json\/wp\/v2\/tags?post=1096"}],"curies":[{"name":"wp","href":"https:\/\/api.w.org\/{rel}","templated":true}]}}