{"id":109615,"date":"2017-03-23T16:47:07","date_gmt":"2017-03-23T19:47:07","guid":{"rendered":"http:\/\/www.redenoticia.com.br\/noticia\/?p=109615"},"modified":"2017-03-24T20:48:50","modified_gmt":"2017-03-24T23:48:50","slug":"novela-a-escrava-isaura-resumo-2403-branca-suspeita-que-isaura-seja-uma-fora-da-lei","status":"publish","type":"post","link":"https:\/\/migracao.redenoticia.com.br\/noticia\/2017\/novela-a-escrava-isaura-resumo-2403-branca-suspeita-que-isaura-seja-uma-fora-da-lei\/109615","title":{"rendered":"Novela \u201cA Escrava Isaura\u201d resumo 24\/03: Branca suspeita que Isaura seja uma fora da lei"},"content":{"rendered":"<p> <img loading=\"lazy\" decoding=\"async\" class=\"alignleft size-thumbnail wp-image-103446\" src=\"https:\/\/migracao.redenoticia.com.br\/noticia\/imagens\/a_escrava_isaura_record_novela_resumo-150x112.jpg\" alt=\"\" width=\"150\" height=\"112\" srcset=\"https:\/\/migracao.redenoticia.com.br\/noticia\/imagens\/a_escrava_isaura_record_novela_resumo-150x112.jpg 150w, https:\/\/migracao.redenoticia.com.br\/noticia\/imagens\/a_escrava_isaura_record_novela_resumo-265x198.jpg 265w\" sizes=\"auto, (max-width: 150px) 100vw, 150px\" \/><strong><em>Novela \u201cA Escrava Isaura\u201d resumo 24\/03<\/em><\/strong>: no capitulo 055 (*) da novela \u201cA Escrava Isaura\u201d, sexta-feira, 24 de mar\u00e7o, \u00c1lvaro pressiona Isaura para lhe contar o que tanto lhe perturba.\u00a0No capitulo 055, sexta-feira, 24 de mar\u00e7o &#8211; Cel. Sebasti\u00e3o fica feliz ao ver Helena bem. Francisco avisa Rosa que Le\u00f4ncio est\u00e1 aleijado e que precisa dos seus cuidados. Miguel faz tudo para que Isaura n\u00e3o conte a verdade sobre eles a \u00c1lvaro e Perp\u00e9tua. Helena diz a Diogo que o ama. Sargento vai a casa da Condessa avis\u00e1-la que est\u00e1 sendo acusada de assassinato. Dr. Paulo examina Le\u00f4ncio. Isaura e Miguel v\u00e3o almo\u00e7ar a casa de \u00c1lvaro. Branca, Estela e Geraldo chegam de repente a casa de Perp\u00e9tua. <\/p>\n<p>Rosa vai \u00e0 casa de Le\u00f4ncio e beija-o ardentemente. Henrique despede-se da fam\u00edlia antes de voltar para o quilombo. Branca suspeita que Isaura seja uma fora da lei. Le\u00f4ncio quer-se vingar de Isaura, Andr\u00e9 e Tom\u00e1sia. Diogo e Tom\u00e1sia planejam o seq\u00fcestro de Helena na cerim\u00f4nia de casamento. Helena diz que n\u00e3o quer casar-se com o Dr. Paulo. \u00c1lvaro pressiona Isaura para lhe contar o que tanto lhe perturba. Isaura n\u00e3o conta a \u00c1lvaro que \u00e9 uma escrava fugida. Malvina descobre que Le\u00f4ncio est\u00e1 aleijado e vai atr\u00e1s dele. <\/p>\n<p>Tom\u00e1sia empresta dinheiro a Diogo e planeja o seq\u00fcestro de Helena durante o seu casamento com o Dr. Paulo. Rosa irrita-se com a forma como Le\u00f4ncio a trata. Rosa roga uma praga a Le\u00f4ncio e Malvina. \u00c1lvaro escuta Branca falar mal de Isaura. N\u00e3o gosta dos coment\u00e1rios e diz que ama Isaura. Geraldo conta a \u00c1lvaro que Gon\u00e7alves Dias chegar\u00e1 \u00e0 cidade. Decide ent\u00e3o chamar Isaura para tocar piano e cantar para eles. Branca fica raivosa. Cel. Sebasti\u00e3o marca a data de casamento de Helena. Ela desesperada promete um esc\u00e2ndalo. Gabriel diz a Diogo que o prefere ao lado de Helena em vez do Dr. Paulo.<\/p>\n<p>(*) edi\u00e7\u00e3o da Rede Record, Novela \u201cA Escrava Isaura\u201d, sujeito a altera\u00e7\u00e3o de data e conte\u00fado.<\/p>\n<p>A Escrava Isaura \u00e9 uma telenovela brasileira produzida pela Rede Record de Televis\u00e3o e exibida entre 18 de outubro de 2004 e 29 de abril de 2005, totalizando 167 cap\u00edtulos, 27 a mais que o originalmente previsto. Escrita por Tiago Santiago, Anamaria Nunes com colabora\u00e7\u00e3o de Altenir Silva e dirigida por Herval Rossano, F\u00e1bio Junqueira, Em\u00edlio Di Biasi e Fl\u00e1vio Colatrello Jr., \u00e9 inspirada no romance hom\u00f4nimo de 1875, escrito por Bernardo Guimar\u00e3es. A obra foi um sucesso logo ap\u00f3s ser publicada, em parte pelo apelo feminino em raz\u00e3o do sentimentalismo do enredo. O livro toca em pontos abolicionistas, que eram controversos na \u00e9poca e \u00e9 considerado um marco na literatura abolicionista brasileira.<\/p>\n","protected":false},"excerpt":{"rendered":"<p>Novela \u201cA Escrava Isaura\u201d resumo 24\/03: no capitulo 055 (*) da novela \u201cA Escrava Isaura\u201d, sexta-feira, 24 de mar\u00e7o, \u00c1lvaro pressiona Isaura para lhe contar o que tanto lhe perturba.\u00a0No capitulo 055, sexta-feira, 24 de mar\u00e7o &#8211; Cel. Sebasti\u00e3o fica feliz ao ver Helena bem. Francisco avisa Rosa que Le\u00f4ncio est\u00e1 aleijado e que precisa [&hellip;]<\/p>\n","protected":false},"author":2,"featured_media":103446,"comment_status":"open","ping_status":"closed","sticky":false,"template":"","format":"standard","meta":{"tdm_status":"","tdm_grid_status":"","footnotes":""},"categories":[379,371,343],"tags":[441],"class_list":{"0":"post-109615","1":"post","2":"type-post","3":"status-publish","4":"format-standard","5":"has-post-thumbnail","7":"category-novelas","8":"category-rede-record","9":"category-televisao","10":"tag-resumo-do-dia"},"_links":{"self":[{"href":"https:\/\/migracao.redenoticia.com.br\/noticia\/wp-json\/wp\/v2\/posts\/109615","targetHints":{"allow":["GET"]}}],"collection":[{"href":"https:\/\/migracao.redenoticia.com.br\/noticia\/wp-json\/wp\/v2\/posts"}],"about":[{"href":"https:\/\/migracao.redenoticia.com.br\/noticia\/wp-json\/wp\/v2\/types\/post"}],"author":[{"embeddable":true,"href":"https:\/\/migracao.redenoticia.com.br\/noticia\/wp-json\/wp\/v2\/users\/2"}],"replies":[{"embeddable":true,"href":"https:\/\/migracao.redenoticia.com.br\/noticia\/wp-json\/wp\/v2\/comments?post=109615"}],"version-history":[{"count":0,"href":"https:\/\/migracao.redenoticia.com.br\/noticia\/wp-json\/wp\/v2\/posts\/109615\/revisions"}],"wp:featuredmedia":[{"embeddable":true,"href":"https:\/\/migracao.redenoticia.com.br\/noticia\/wp-json\/wp\/v2\/media\/103446"}],"wp:attachment":[{"href":"https:\/\/migracao.redenoticia.com.br\/noticia\/wp-json\/wp\/v2\/media?parent=109615"}],"wp:term":[{"taxonomy":"category","embeddable":true,"href":"https:\/\/migracao.redenoticia.com.br\/noticia\/wp-json\/wp\/v2\/categories?post=109615"},{"taxonomy":"post_tag","embeddable":true,"href":"https:\/\/migracao.redenoticia.com.br\/noticia\/wp-json\/wp\/v2\/tags?post=109615"}],"curies":[{"name":"wp","href":"https:\/\/api.w.org\/{rel}","templated":true}]}}