{"id":109629,"date":"2017-03-22T16:33:39","date_gmt":"2017-03-22T19:33:39","guid":{"rendered":"http:\/\/www.redenoticia.com.br\/noticia\/?p=109629"},"modified":"2017-03-22T14:44:51","modified_gmt":"2017-03-22T17:44:51","slug":"resumo-novela-rubi-2303-cristina-chama-rubi-de-assassina","status":"publish","type":"post","link":"https:\/\/migracao.redenoticia.com.br\/noticia\/2017\/resumo-novela-rubi-2303-cristina-chama-rubi-de-assassina\/109629","title":{"rendered":"Resumo novela \u201cRubi\u201d 23\/03: Cristina chama Rubi de assassina"},"content":{"rendered":"<p> <img loading=\"lazy\" decoding=\"async\" class=\"alignleft size-thumbnail wp-image-103954\" src=\"https:\/\/migracao.redenoticia.com.br\/noticia\/imagens\/rubi-resumo-novela-capitulo-sbt-150x112.jpg\" alt=\"\" width=\"150\" height=\"112\" \/><strong><em>Resumo novela \u201cRubi\u201d 23\/03<\/em><\/strong>: no cap\u00edtulo 049 (*) da novela \u201cRubi\u201d, resumo de quinta-feira, 23 de mar\u00e7o, Maribel diz a Rubi que ela deveria admirar mais a sua m\u00e3e. Rubi pergunta a Luiz como ele pode ser amigo da filha do homem que arruinou seu pai. Elisa comenta com Rubi que viu Genaro beijando Liliam e depois ouviu os dois falando sobre dinheiro. Rubi a aconselha a denunci\u00e1-lo por bigamia. Lorena conta para Paco que decidiu sair de casa, pois seus pais querem obrig\u00e1-la a namorar Raul. Cristina encontra a m\u00e3e desacordada e a leva para o hospital. Quando Rubi chega ao hospital, Alessandro comunica \u00e0s irm\u00e3s que Ros\u00e1rio faleceu. Durante o vel\u00f3rio de Ros\u00e1rio, Cristina toma uma decis\u00e3o radical e expulsa Rubi e Heitor do local. Maribel diz a Heitor que s\u00f3 agora descobriu o quanto ele \u00e9 fr\u00e1gil, e que est\u00e1 muito decepcionada ao constatar que \u00e9 como argila nas m\u00e3os de Rubi. Cristina ouve quando Dona Lola comenta com Dona Margarida que Ros\u00e1rio passou mal depois de voltar da casa de Rubi. Por isso, quando Rubi chega ao cemit\u00e9rio Cristina a chama de assassina.<\/p>\n<p>(*) edi\u00e7\u00e3o do SBT, Novela \u201cRubi\u201d, sujeito a altera\u00e7\u00e3o de data e conte\u00fado.<\/p>\n<p>Rubi \u00e9 uma telenovela mexicana produzida por Jos\u00e9 Alberto Castro para a Televisa e exibida pelo Canal de las Estrellas entre 17 de maio e 22 de outubro de 2004, sucedendo Amarte es mi pecado e antecedendo Apuesta por un amor em 115 capitulos de 40 minutos. Adaptada por Ximena Su\u00e1rez, \u00e9 um remake da telenovela mexicana Rubi, de 1968, criada por Yolanda Vargas Dulch\u00e9. Seis anos ap\u00f3s lan\u00e7amento de Rub\u00ed, a telenovela Teresa foi acusada de pl\u00e1gio. V\u00e1rios sites apontam semelhan\u00e7as entre as duas telenovelas. Barbara Mori, Eduardo Santamarina, Sebasti\u00e1n Rulli, Jacqueline Bracamontes, Manuel Landeta, Sergio Goyri, Carlos C\u00e1mara, Yadhira Carrillo, Miguel Pizarro, Jos\u00e9 El\u00edas Moreno, Luis Gatica, Paty D\u00edaz, Ingrid Martz e Ana Mart\u00edn interpretam os papeis principais da trama.<\/p>\n","protected":false},"excerpt":{"rendered":"<p>Resumo novela \u201cRubi\u201d 23\/03: no cap\u00edtulo 049 (*) da novela \u201cRubi\u201d, resumo de quinta-feira, 23 de mar\u00e7o, Maribel diz a Rubi que ela deveria admirar mais a sua m\u00e3e. Rubi pergunta a Luiz como ele pode ser amigo da filha do homem que arruinou seu pai. Elisa comenta com Rubi que viu Genaro beijando Liliam [&hellip;]<\/p>\n","protected":false},"author":2,"featured_media":103954,"comment_status":"open","ping_status":"closed","sticky":false,"template":"","format":"standard","meta":{"tdm_status":"","tdm_grid_status":"","footnotes":""},"categories":[379,372,343],"tags":[441],"class_list":{"0":"post-109629","1":"post","2":"type-post","3":"status-publish","4":"format-standard","5":"has-post-thumbnail","7":"category-novelas","8":"category-sbt","9":"category-televisao","10":"tag-resumo-do-dia"},"_links":{"self":[{"href":"https:\/\/migracao.redenoticia.com.br\/noticia\/wp-json\/wp\/v2\/posts\/109629","targetHints":{"allow":["GET"]}}],"collection":[{"href":"https:\/\/migracao.redenoticia.com.br\/noticia\/wp-json\/wp\/v2\/posts"}],"about":[{"href":"https:\/\/migracao.redenoticia.com.br\/noticia\/wp-json\/wp\/v2\/types\/post"}],"author":[{"embeddable":true,"href":"https:\/\/migracao.redenoticia.com.br\/noticia\/wp-json\/wp\/v2\/users\/2"}],"replies":[{"embeddable":true,"href":"https:\/\/migracao.redenoticia.com.br\/noticia\/wp-json\/wp\/v2\/comments?post=109629"}],"version-history":[{"count":0,"href":"https:\/\/migracao.redenoticia.com.br\/noticia\/wp-json\/wp\/v2\/posts\/109629\/revisions"}],"wp:featuredmedia":[{"embeddable":true,"href":"https:\/\/migracao.redenoticia.com.br\/noticia\/wp-json\/wp\/v2\/media\/103954"}],"wp:attachment":[{"href":"https:\/\/migracao.redenoticia.com.br\/noticia\/wp-json\/wp\/v2\/media?parent=109629"}],"wp:term":[{"taxonomy":"category","embeddable":true,"href":"https:\/\/migracao.redenoticia.com.br\/noticia\/wp-json\/wp\/v2\/categories?post=109629"},{"taxonomy":"post_tag","embeddable":true,"href":"https:\/\/migracao.redenoticia.com.br\/noticia\/wp-json\/wp\/v2\/tags?post=109629"}],"curies":[{"name":"wp","href":"https:\/\/api.w.org\/{rel}","templated":true}]}}