{"id":109633,"date":"2017-03-22T16:36:08","date_gmt":"2017-03-22T19:36:08","guid":{"rendered":"http:\/\/www.redenoticia.com.br\/noticia\/?p=109633"},"modified":"2017-03-22T14:47:25","modified_gmt":"2017-03-22T17:47:25","slug":"resumo-novela-o-que-a-vida-me-roubou-2303-loreto-afirma-que-jose-luis-esta-vivo","status":"publish","type":"post","link":"https:\/\/migracao.redenoticia.com.br\/noticia\/2017\/resumo-novela-o-que-a-vida-me-roubou-2303-loreto-afirma-que-jose-luis-esta-vivo\/109633","title":{"rendered":"Resumo novela \u201cO Que A Vida Me Roubou\u201d 23\/03: Loreto afirma que Jos\u00e9 Luis est\u00e1 vivo"},"content":{"rendered":"<p> <img loading=\"lazy\" decoding=\"async\" src=\"https:\/\/migracao.redenoticia.com.br\/noticia\/imagens\/o-que-a-vida-me-roubou-novela-resumo-sbt-150x112.jpg\" alt=\"\" width=\"150\" height=\"112\" class=\"alignleft size-thumbnail wp-image-105656\" srcset=\"https:\/\/migracao.redenoticia.com.br\/noticia\/imagens\/o-que-a-vida-me-roubou-novela-resumo-sbt-150x112.jpg 150w, https:\/\/migracao.redenoticia.com.br\/noticia\/imagens\/o-que-a-vida-me-roubou-novela-resumo-sbt-265x198.jpg 265w\" sizes=\"auto, (max-width: 150px) 100vw, 150px\" \/><strong><em>Resumo novela \u201cO Que A Vida Me Roubou\u201d 23\/03<\/em><\/strong>: no cap\u00edtulo 039 (*) da novela \u201cO Que A Vida Me Roubou\u201d, resumo de quinta-feira, 23 de mar\u00e7o, Joventino chega com gal\u00f5es de gasolina \u00e0 fazenda \u201cAlmonte\u201d. Renato tenta ver o que ele traz, mas Joventino o impede. Nadia visita Victor na resid\u00eancia Almonte, mas Margarida responde que ele n\u00e3o est\u00e1. Victor fica triste por n\u00e3o poder estar perto dela. Pedro, em sua resid\u00eancia, observa que Nadia est\u00e1 triste ao longe. Padre Anselmo fala com Ros\u00e1rio para que ela reconsidere e diga a verdade a seu filho, mas ela segue se negando. <\/p>\n<p>Alessandro pergunta a Mac\u00e1rio se ele conheceu sua m\u00e3e, mas ele o responde que conhecia apenas Ros\u00e1rio, que agora vive com o Padre Anselmo. Mac\u00e1rio diz que Benjamin acusou Ros\u00e1rio de assassina e por isso ela esteve na pris\u00e3o sendo inocente. Alessandro se surpreende. Dominga diz a Montserrat que Ros\u00e1rio quer falar com ela. Joventino est\u00e1 derramando gasolina pelo est\u00e1bulo da fazenda \u201cAlmonte\u201d. Ros\u00e1rio chega e Joventino a golpeia na cabe\u00e7a. Ela cai desmaiada. Ele acende um cigarro e ateia fogo no local. Os cavalos correm desesperados. Montserrat chega e grita pedindo ajuda. <\/p>\n<p>Jos\u00e9 Luis est\u00e1 a ponto de dizer a Alessandro que ele \u00e9 o marinheiro pelo qual sua mulher est\u00e1 apaixonada, mas o inc\u00eandio os interrompe. Adolfo e Maria se acariciam em seu quarto e come\u00e7am a escutar gritos. Eles saem correndo para ver o que est\u00e1 acontecendo. Alessandro entra no est\u00e1bulo e carrega Montserrat em seus bra\u00e7os. Renato e Antonio carregam Ros\u00e1rio desmaiada. Joventino finge surpresa e ajuda os pe\u00f5es a apagar o fogo. Alessandro aceita que Ros\u00e1rio volte a trabalhar pra ele. O capataz diz a Alessandro que n\u00e3o conhece Jos\u00e9 Luis, pela promessa que fez a Montserrat. Em \u00c1gua Azul, Alessandro cruza com Loreto, que lhe afirma que Jos\u00e9 Luis est\u00e1 vivo.<\/p>\n<p>(*) edi\u00e7\u00e3o do SBT, Novela \u201cO Que A Vida Me Roubou\u201d, sujeito a altera\u00e7\u00e3o de data e conte\u00fado.<\/p>\n<p>Lo que la vida me rob\u00f3 (no Brasil, O Que a Vida Me Roubou) \u00e9 uma telenovela mexicana produzida por Angelli Nesma Medina para Televisa e exibida pelo Canal de las Estrellas entre 28 de outubro de 2013 e 27 de julho de 2014 em 196 cap\u00edtulos, substituindo La tempestad e sendo substitu\u00edda por Hasta el fin del mundo. A original \u00e9 de Caridad Bravo Adams, sendo esta um remake modernizado das novelas Bodas de odio e Amor real, produzidas em 1983 e 2003, respectivamente. Tem Angelique Boyer, Sebasti\u00e1n Rulli, Luis Roberto Guzm\u00e1n, Daniela Castro, Grettell Vald\u00e9z, Sergio Sendel e Lisset nos papeis principais.<\/p>\n","protected":false},"excerpt":{"rendered":"<p>Resumo novela \u201cO Que A Vida Me Roubou\u201d 23\/03: no cap\u00edtulo 039 (*) da novela \u201cO Que A Vida Me Roubou\u201d, resumo de quinta-feira, 23 de mar\u00e7o, Joventino chega com gal\u00f5es de gasolina \u00e0 fazenda \u201cAlmonte\u201d. Renato tenta ver o que ele traz, mas Joventino o impede. Nadia visita Victor na resid\u00eancia Almonte, mas Margarida [&hellip;]<\/p>\n","protected":false},"author":2,"featured_media":105656,"comment_status":"open","ping_status":"closed","sticky":false,"template":"","format":"standard","meta":{"tdm_status":"","tdm_grid_status":"","footnotes":""},"categories":[379,372,343],"tags":[441],"class_list":{"0":"post-109633","1":"post","2":"type-post","3":"status-publish","4":"format-standard","5":"has-post-thumbnail","7":"category-novelas","8":"category-sbt","9":"category-televisao","10":"tag-resumo-do-dia"},"_links":{"self":[{"href":"https:\/\/migracao.redenoticia.com.br\/noticia\/wp-json\/wp\/v2\/posts\/109633","targetHints":{"allow":["GET"]}}],"collection":[{"href":"https:\/\/migracao.redenoticia.com.br\/noticia\/wp-json\/wp\/v2\/posts"}],"about":[{"href":"https:\/\/migracao.redenoticia.com.br\/noticia\/wp-json\/wp\/v2\/types\/post"}],"author":[{"embeddable":true,"href":"https:\/\/migracao.redenoticia.com.br\/noticia\/wp-json\/wp\/v2\/users\/2"}],"replies":[{"embeddable":true,"href":"https:\/\/migracao.redenoticia.com.br\/noticia\/wp-json\/wp\/v2\/comments?post=109633"}],"version-history":[{"count":0,"href":"https:\/\/migracao.redenoticia.com.br\/noticia\/wp-json\/wp\/v2\/posts\/109633\/revisions"}],"wp:featuredmedia":[{"embeddable":true,"href":"https:\/\/migracao.redenoticia.com.br\/noticia\/wp-json\/wp\/v2\/media\/105656"}],"wp:attachment":[{"href":"https:\/\/migracao.redenoticia.com.br\/noticia\/wp-json\/wp\/v2\/media?parent=109633"}],"wp:term":[{"taxonomy":"category","embeddable":true,"href":"https:\/\/migracao.redenoticia.com.br\/noticia\/wp-json\/wp\/v2\/categories?post=109633"},{"taxonomy":"post_tag","embeddable":true,"href":"https:\/\/migracao.redenoticia.com.br\/noticia\/wp-json\/wp\/v2\/tags?post=109633"}],"curies":[{"name":"wp","href":"https:\/\/api.w.org\/{rel}","templated":true}]}}