{"id":109643,"date":"2017-03-22T16:44:57","date_gmt":"2017-03-22T19:44:57","guid":{"rendered":"http:\/\/www.redenoticia.com.br\/noticia\/?p=109643"},"modified":"2017-03-23T09:35:36","modified_gmt":"2017-03-23T12:35:36","slug":"resumo-novela-novo-mundo-2303-piata-alerta-anna-sobre-thomas","status":"publish","type":"post","link":"https:\/\/migracao.redenoticia.com.br\/noticia\/2017\/resumo-novela-novo-mundo-2303-piata-alerta-anna-sobre-thomas\/109643","title":{"rendered":"Resumo novela \u201cNovo Mundo\u201d 23\/03: Piat\u00e3 alerta Anna sobre Thomas"},"content":{"rendered":"<p> <img loading=\"lazy\" decoding=\"async\" class=\"alignleft size-thumbnail wp-image-107950\" src=\"https:\/\/migracao.redenoticia.com.br\/noticia\/imagens\/novo_mundo_novela_resumo_globo-150x112.jpg\" alt=\"\" width=\"150\" height=\"112\" srcset=\"https:\/\/migracao.redenoticia.com.br\/noticia\/imagens\/novo_mundo_novela_resumo_globo-150x112.jpg 150w, https:\/\/migracao.redenoticia.com.br\/noticia\/imagens\/novo_mundo_novela_resumo_globo-265x198.jpg 265w\" sizes=\"auto, (max-width: 150px) 100vw, 150px\" \/><strong><em>Resumo novela \u201cNovo Mundo\u201d 22\/03<\/em><\/strong>: no cap\u00edtulo 002 (*) da novela \u201cNovo Mundo\u201d, resumo de quinta-feira, 23 de mar\u00e7o, Anna acredita ter reconhecido Joaquim, mas o rapaz disfar\u00e7a. Elvira \u00e9 presa e conhece Manoel. Thomas conversa com Anna sobre Piat\u00e3. Manoel esconde Elvira no por\u00e3o do navio, e ela se desespera. Thomas afirma que conseguir\u00e1 o amor de Anna at\u00e9 o fim da viagem de navio. Dom Jo\u00e3o prende Carlota em sua casa para proteg\u00ea-la da acusa\u00e7\u00e3o de um crime. Piat\u00e3 alerta Anna sobre Thomas. Joaquim limpa o quarto de Leopoldina, que acaba convocando o falso marujo a lhe acompanhar em um jogo de bilhar. Leopoldina pede ao capit\u00e3o que Joaquim fique \u00e0 disposi\u00e7\u00e3o dela. Anna e Piat\u00e3 falam sobre o misterioso desaparecimento de seu pai Edward no Brasil. Joaquim conforta Anna, que sofre pela aus\u00eancia do pai. Miguel denuncia a presen\u00e7a de No\u00e9mie no quarto de Pedro. Joaquim beija Anna.<\/p>\n<p>(*) edi\u00e7\u00e3o da Rede Globo, Novela \u201cNovo Mundo\u201d, sujeito a altera\u00e7\u00e3o de data e conte\u00fado.<\/p>\n<p>Novo Mundo \u00e9 uma telenovela brasileira produzida pela Rede Globo. Escrita por Thereza Falc\u00e3o e Alessandro Marson, conta com dire\u00e7\u00e3o art\u00edstica de Vin\u00edcius Coimbra. Conta com as participa\u00e7\u00f5es de Isabelle Drummond, Chay Suede, Caio Castro, Let\u00edcia Colin, Leo Jaime, D\u00e9bora Olivieri, Rodrigo Simas, Giullia Buscacio, Vivianne Pasmanter, Guilherme Piva, R\u00f4mulo Estrela, Agatha Moreira, Luisa Micheletti, Gabriel Braga Nunes, e Ingrid Guimar\u00e3es.<\/p>\n","protected":false},"excerpt":{"rendered":"<p>Resumo novela \u201cNovo Mundo\u201d 22\/03: no cap\u00edtulo 002 (*) da novela \u201cNovo Mundo\u201d, resumo de quinta-feira, 23 de mar\u00e7o, Anna acredita ter reconhecido Joaquim, mas o rapaz disfar\u00e7a. Elvira \u00e9 presa e conhece Manoel. Thomas conversa com Anna sobre Piat\u00e3. Manoel esconde Elvira no por\u00e3o do navio, e ela se desespera. Thomas afirma que conseguir\u00e1 [&hellip;]<\/p>\n","protected":false},"author":2,"featured_media":107950,"comment_status":"open","ping_status":"closed","sticky":false,"template":"","format":"standard","meta":{"tdm_status":"","tdm_grid_status":"","footnotes":""},"categories":[379,375,343],"tags":[441],"class_list":{"0":"post-109643","1":"post","2":"type-post","3":"status-publish","4":"format-standard","5":"has-post-thumbnail","7":"category-novelas","8":"category-rede-globo","9":"category-televisao","10":"tag-resumo-do-dia"},"_links":{"self":[{"href":"https:\/\/migracao.redenoticia.com.br\/noticia\/wp-json\/wp\/v2\/posts\/109643","targetHints":{"allow":["GET"]}}],"collection":[{"href":"https:\/\/migracao.redenoticia.com.br\/noticia\/wp-json\/wp\/v2\/posts"}],"about":[{"href":"https:\/\/migracao.redenoticia.com.br\/noticia\/wp-json\/wp\/v2\/types\/post"}],"author":[{"embeddable":true,"href":"https:\/\/migracao.redenoticia.com.br\/noticia\/wp-json\/wp\/v2\/users\/2"}],"replies":[{"embeddable":true,"href":"https:\/\/migracao.redenoticia.com.br\/noticia\/wp-json\/wp\/v2\/comments?post=109643"}],"version-history":[{"count":0,"href":"https:\/\/migracao.redenoticia.com.br\/noticia\/wp-json\/wp\/v2\/posts\/109643\/revisions"}],"wp:featuredmedia":[{"embeddable":true,"href":"https:\/\/migracao.redenoticia.com.br\/noticia\/wp-json\/wp\/v2\/media\/107950"}],"wp:attachment":[{"href":"https:\/\/migracao.redenoticia.com.br\/noticia\/wp-json\/wp\/v2\/media?parent=109643"}],"wp:term":[{"taxonomy":"category","embeddable":true,"href":"https:\/\/migracao.redenoticia.com.br\/noticia\/wp-json\/wp\/v2\/categories?post=109643"},{"taxonomy":"post_tag","embeddable":true,"href":"https:\/\/migracao.redenoticia.com.br\/noticia\/wp-json\/wp\/v2\/tags?post=109643"}],"curies":[{"name":"wp","href":"https:\/\/api.w.org\/{rel}","templated":true}]}}