{"id":109645,"date":"2017-03-22T16:50:06","date_gmt":"2017-03-22T19:50:06","guid":{"rendered":"http:\/\/www.redenoticia.com.br\/noticia\/?p=109645"},"modified":"2017-03-22T14:57:59","modified_gmt":"2017-03-22T17:57:59","slug":"resumo-novela-rock-story-2303-julia-esta-livre","status":"publish","type":"post","link":"https:\/\/migracao.redenoticia.com.br\/noticia\/2017\/resumo-novela-rock-story-2303-julia-esta-livre\/109645","title":{"rendered":"Resumo novela \u201cRock Story\u201d 23\/03: J\u00falia est\u00e1 livre"},"content":{"rendered":"<p> <img loading=\"lazy\" decoding=\"async\" class=\"alignleft size-thumbnail wp-image-97429\" src=\"https:\/\/migracao.redenoticia.com.br\/noticia\/imagens\/logo_rock_story-150x112.jpg\" alt=\"logo_rock_story\" width=\"150\" height=\"112\" srcset=\"https:\/\/migracao.redenoticia.com.br\/noticia\/imagens\/logo_rock_story-150x112.jpg 150w, https:\/\/migracao.redenoticia.com.br\/noticia\/imagens\/logo_rock_story-265x198.jpg 265w\" sizes=\"auto, (max-width: 150px) 100vw, 150px\" \/><strong><em>Resumo novela \u201cRock Story\u201d 23\/03<\/em><\/strong>: no cap\u00edtulo 116 (*) da novela \u201cRock Story\u201d, resumo de quinta-feira, 23 de mar\u00e7o, ao ver Glenda dan\u00e7ando no palco com Nelson, Edith decide desafiar a rival. Romildo tenta convencer Lorena a se afastar de Alex. Diana manda a telefonista do hotel passar suas liga\u00e7\u00f5es para o quarto de Gui. Gordo confessa a Eva que est\u00e1 preocupado com a expectativa de Diana sobre Gui. Yasmin pede a Diana que n\u00e3o conte para sua fam\u00edlia que ela est\u00e1 com Zac em Recife. Nina tenta se aproveitar do namoro falso com L\u00e9o para seduzi-lo de verdade. JF repara na palidez de Nicolau e pergunta se ele est\u00e1 bem. Lorena finge para Romildo que foi agredida por Alex. Daniel avisa a J\u00falia que ela est\u00e1 livre.<\/p>\n<p>(*) edi\u00e7\u00e3o da Rede Globo, Novela \u201cRock Story\u201d, sujeito a altera\u00e7\u00e3o de data e conte\u00fado.<\/p>\n<p>Rock Story \u00e9 uma telenovela brasileira produzida pela Rede Globo, para o hor\u00e1rio das 19 horas, com estreia em 9 de novembro de 2016, substituindo Haja Cora\u00e7\u00e3o. Escrita por Maria Helena Nascimento, com supervis\u00e3o de texto de Ricardo Linhares, \u00e9 escrita com a colabora\u00e7\u00e3o de \u00c2ngela Chaves, Cl\u00e1udio Lisboa, Chico Soares e Daisy Chaves, com dire\u00e7\u00e3o geral de Maria de M\u00e9dicis e dire\u00e7\u00e3o art\u00edstica de Dennis Carvalho. Conta com as participa\u00e7\u00f5es de Vladimir Brichta, Nathalia Dill, Alinne Moraes, Rafael Vitti, Jo\u00e3o de Castro, Viviane Ara\u00fajo, Nicolas Prattes e Caio Paduan. <\/p>\n","protected":false},"excerpt":{"rendered":"<p>Resumo novela \u201cRock Story\u201d 23\/03: no cap\u00edtulo 116 (*) da novela \u201cRock Story\u201d, resumo de quinta-feira, 23 de mar\u00e7o, ao ver Glenda dan\u00e7ando no palco com Nelson, Edith decide desafiar a rival. Romildo tenta convencer Lorena a se afastar de Alex. Diana manda a telefonista do hotel passar suas liga\u00e7\u00f5es para o quarto de Gui. [&hellip;]<\/p>\n","protected":false},"author":2,"featured_media":99189,"comment_status":"open","ping_status":"closed","sticky":false,"template":"","format":"standard","meta":{"tdm_status":"","tdm_grid_status":"","footnotes":""},"categories":[379,375,343],"tags":[441],"class_list":{"0":"post-109645","1":"post","2":"type-post","3":"status-publish","4":"format-standard","5":"has-post-thumbnail","7":"category-novelas","8":"category-rede-globo","9":"category-televisao","10":"tag-resumo-do-dia"},"_links":{"self":[{"href":"https:\/\/migracao.redenoticia.com.br\/noticia\/wp-json\/wp\/v2\/posts\/109645","targetHints":{"allow":["GET"]}}],"collection":[{"href":"https:\/\/migracao.redenoticia.com.br\/noticia\/wp-json\/wp\/v2\/posts"}],"about":[{"href":"https:\/\/migracao.redenoticia.com.br\/noticia\/wp-json\/wp\/v2\/types\/post"}],"author":[{"embeddable":true,"href":"https:\/\/migracao.redenoticia.com.br\/noticia\/wp-json\/wp\/v2\/users\/2"}],"replies":[{"embeddable":true,"href":"https:\/\/migracao.redenoticia.com.br\/noticia\/wp-json\/wp\/v2\/comments?post=109645"}],"version-history":[{"count":0,"href":"https:\/\/migracao.redenoticia.com.br\/noticia\/wp-json\/wp\/v2\/posts\/109645\/revisions"}],"wp:featuredmedia":[{"embeddable":true,"href":"https:\/\/migracao.redenoticia.com.br\/noticia\/wp-json\/wp\/v2\/media\/99189"}],"wp:attachment":[{"href":"https:\/\/migracao.redenoticia.com.br\/noticia\/wp-json\/wp\/v2\/media?parent=109645"}],"wp:term":[{"taxonomy":"category","embeddable":true,"href":"https:\/\/migracao.redenoticia.com.br\/noticia\/wp-json\/wp\/v2\/categories?post=109645"},{"taxonomy":"post_tag","embeddable":true,"href":"https:\/\/migracao.redenoticia.com.br\/noticia\/wp-json\/wp\/v2\/tags?post=109645"}],"curies":[{"name":"wp","href":"https:\/\/api.w.org\/{rel}","templated":true}]}}