{"id":109647,"date":"2017-03-22T16:51:07","date_gmt":"2017-03-22T19:51:07","guid":{"rendered":"http:\/\/www.redenoticia.com.br\/noticia\/?p=109647"},"modified":"2017-03-22T14:59:11","modified_gmt":"2017-03-22T17:59:11","slug":"resumo-novela-a-lei-do-amor-2303-leticia-precisa-de-um-transplante","status":"publish","type":"post","link":"https:\/\/migracao.redenoticia.com.br\/noticia\/2017\/resumo-novela-a-lei-do-amor-2303-leticia-precisa-de-um-transplante\/109647","title":{"rendered":"Resumo novela \u201cA Lei do Amor\u201d 23\/03: Let\u00edcia precisa de um transplante"},"content":{"rendered":"<p> <img loading=\"lazy\" decoding=\"async\" class=\"alignleft size-thumbnail wp-image-94887\" src=\"https:\/\/migracao.redenoticia.com.br\/noticia\/imagens\/a_lei_do_amor_resumo_novela_globo-150x112.jpg\" alt=\"a_lei_do_amor_resumo_novela_globo\" width=\"150\" height=\"112\" srcset=\"https:\/\/migracao.redenoticia.com.br\/noticia\/imagens\/a_lei_do_amor_resumo_novela_globo-150x112.jpg 150w, https:\/\/migracao.redenoticia.com.br\/noticia\/imagens\/a_lei_do_amor_resumo_novela_globo-265x198.jpg 265w\" sizes=\"auto, (max-width: 150px) 100vw, 150px\" \/><strong><em>Resumo novela \u201cA Lei do Amor\u201d 23\/03<\/em><\/strong>: no cap\u00edtulo 148 (*) da novela \u201cA Lei do Amor\u201d, resumo de quinta-feira, 23 de mar\u00e7o, Hel\u00f4 se sente mal e Pedro a leva para o hospital. Ti\u00e3o visita Let\u00edcia. Venturini revela a Augusto os esquemas il\u00edcitos de Leonardo. A m\u00e9dica afirma a Hel\u00f4 que o beb\u00ea est\u00e1 bem. Laura conhece Olavo. Vit\u00f3ria fala com Salete sobre Leonardo. J\u00e9ssica e Bruno se casam. Let\u00edcia volta para casa. Magn\u00f3lia enfrenta Z\u00e9lia e se aproxima de Jacira. Doutor Lago comunica a Hel\u00f4 e Pedro que Let\u00edcia precisa de um transplante. Ti\u00e3o sofre com o pedido de afastamento de Let\u00edcia. Ruty Raquel e Ant\u00f4nio se tornam amigos. Parte da popula\u00e7\u00e3o pede o impeachment de Salete. Passam-se alguns meses. Edu avisa a Hel\u00f4 e Pedro que Let\u00edcia est\u00e1 muito mal.<\/p>\n<p>(*) edi\u00e7\u00e3o da Rede Globo, Novela \u201cA Lei do Amor\u201d, sujeito a altera\u00e7\u00e3o de data e conte\u00fado.<\/p>\n<p>A Lei do Amor \u00e9 uma telenovela brasileira produzida e exibida pela Rede Globo desde 3 de outubro de 2016, substituindo Velho Chico. Criada e escrita por Maria Adelaide Amaral e Vincent Villari, conta com colabora\u00e7\u00e3o de \u00c1lvaro Ramos, Juliano Righetto, Let\u00edcia Mey, Marta Nehring, Paola Prestes e Rodrigo Amaral, sob dire\u00e7\u00e3o de Oscar Francisco, Andr\u00e9 Barros, Giovanna Machline e Nat\u00e1lia Warth, dire\u00e7\u00e3o geral de Nat\u00e1lia Grimberg e Denise Saraceni, tamb\u00e9m diretora art\u00edstica. Conta com a participa\u00e7\u00e3o de Reynaldo Gianecchini, Cl\u00e1udia Abreu, Jos\u00e9 Mayer, Vera Holtz, Tarc\u00edsio Meira, Thiago Lacerda, Isabella Santoni e Humberto Carr\u00e3o nos papeis principais. <\/p>\n","protected":false},"excerpt":{"rendered":"<p>Resumo novela \u201cA Lei do Amor\u201d 23\/03: no cap\u00edtulo 148 (*) da novela \u201cA Lei do Amor\u201d, resumo de quinta-feira, 23 de mar\u00e7o, Hel\u00f4 se sente mal e Pedro a leva para o hospital. Ti\u00e3o visita Let\u00edcia. Venturini revela a Augusto os esquemas il\u00edcitos de Leonardo. A m\u00e9dica afirma a Hel\u00f4 que o beb\u00ea est\u00e1 [&hellip;]<\/p>\n","protected":false},"author":2,"featured_media":94887,"comment_status":"open","ping_status":"closed","sticky":false,"template":"","format":"standard","meta":{"tdm_status":"","tdm_grid_status":"","footnotes":""},"categories":[379,375,343],"tags":[441],"class_list":{"0":"post-109647","1":"post","2":"type-post","3":"status-publish","4":"format-standard","5":"has-post-thumbnail","7":"category-novelas","8":"category-rede-globo","9":"category-televisao","10":"tag-resumo-do-dia"},"_links":{"self":[{"href":"https:\/\/migracao.redenoticia.com.br\/noticia\/wp-json\/wp\/v2\/posts\/109647","targetHints":{"allow":["GET"]}}],"collection":[{"href":"https:\/\/migracao.redenoticia.com.br\/noticia\/wp-json\/wp\/v2\/posts"}],"about":[{"href":"https:\/\/migracao.redenoticia.com.br\/noticia\/wp-json\/wp\/v2\/types\/post"}],"author":[{"embeddable":true,"href":"https:\/\/migracao.redenoticia.com.br\/noticia\/wp-json\/wp\/v2\/users\/2"}],"replies":[{"embeddable":true,"href":"https:\/\/migracao.redenoticia.com.br\/noticia\/wp-json\/wp\/v2\/comments?post=109647"}],"version-history":[{"count":0,"href":"https:\/\/migracao.redenoticia.com.br\/noticia\/wp-json\/wp\/v2\/posts\/109647\/revisions"}],"wp:featuredmedia":[{"embeddable":true,"href":"https:\/\/migracao.redenoticia.com.br\/noticia\/wp-json\/wp\/v2\/media\/94887"}],"wp:attachment":[{"href":"https:\/\/migracao.redenoticia.com.br\/noticia\/wp-json\/wp\/v2\/media?parent=109647"}],"wp:term":[{"taxonomy":"category","embeddable":true,"href":"https:\/\/migracao.redenoticia.com.br\/noticia\/wp-json\/wp\/v2\/categories?post=109647"},{"taxonomy":"post_tag","embeddable":true,"href":"https:\/\/migracao.redenoticia.com.br\/noticia\/wp-json\/wp\/v2\/tags?post=109647"}],"curies":[{"name":"wp","href":"https:\/\/api.w.org\/{rel}","templated":true}]}}