{"id":109668,"date":"2017-03-23T16:30:02","date_gmt":"2017-03-23T19:30:02","guid":{"rendered":"http:\/\/www.redenoticia.com.br\/noticia\/?p=109668"},"modified":"2017-03-23T16:36:33","modified_gmt":"2017-03-23T19:36:33","slug":"resumo-novela-rubi-2303-cristina-chama-rubi-de-assassina-2","status":"publish","type":"post","link":"https:\/\/migracao.redenoticia.com.br\/noticia\/2017\/resumo-novela-rubi-2303-cristina-chama-rubi-de-assassina-2\/109668","title":{"rendered":"Resumo novela \u201cRubi\u201d 24\/03: Elisa denuncia Genaro por bigamia"},"content":{"rendered":"<p> <img loading=\"lazy\" decoding=\"async\" class=\"alignleft size-thumbnail wp-image-103954\" src=\"https:\/\/migracao.redenoticia.com.br\/noticia\/imagens\/rubi-resumo-novela-capitulo-sbt-150x112.jpg\" alt=\"\" width=\"150\" height=\"112\" \/><strong><em>Resumo novela \u201cRubi\u201d 24\/03<\/em><\/strong>: no cap\u00edtulo 050 (*) da novela \u201cRubi\u201d, resumo de sexta-feira, 24 de mar\u00e7o, Cristina diz a Rubi que j\u00e1 sabe que sua m\u00e3e passou mal depois de falar com ela e acusa a irm\u00e3 de ter provocado sua morte. Os vizinhos, revoltados, expulsam Rubi. Magda acusa Rubi de ter roubado a felicidade de Maribel, diz que ela nunca ser\u00e1 feliz, pois n\u00e3o sabe amar e depois lhe d\u00e1 uma bofetada. Magda tamb\u00e9m conversa com Heitor e diz que com uma mulher como Rubi a seu lado pagar\u00e1 por todo o mal que fez a Maribel. Elisa, seguindo o conselho de Rubi, denuncia Genaro por bigamia. Paco pede aos pais de Lorena que se reconciliem com sua filha, mas eles se negam a ouv\u00ed-lo e o expulsam de sua casa. Paco pergunta a Lorena se aceitaria se casar com ele. Ela responde que o ama, mas primeiro quer se realizar profissionalmente. Liliam confessa a Genaro que Artur \u00e9 o pai de Luiz, mas garante que ele nunca soube que ela estava gr\u00e1vida. Genaro pede a Luiz que n\u00e3o trabalhe com Artur. Heitor diz a Elisa que j\u00e1 foi aberto um processo para apurar a den\u00fancia que fez contra seu padrinho. Elisa diz que fez a den\u00fancia em um momento de desespero e confessa que est\u00e1 arrependida.<\/p>\n<p>(*) edi\u00e7\u00e3o do SBT, Novela \u201cRubi\u201d, sujeito a altera\u00e7\u00e3o de data e conte\u00fado.<\/p>\n<p>Rubi \u00e9 uma telenovela mexicana produzida por Jos\u00e9 Alberto Castro para a Televisa e exibida pelo Canal de las Estrellas entre 17 de maio e 22 de outubro de 2004, sucedendo Amarte es mi pecado e antecedendo Apuesta por un amor em 115 capitulos de 40 minutos. Adaptada por Ximena Su\u00e1rez, \u00e9 um remake da telenovela mexicana Rubi, de 1968, criada por Yolanda Vargas Dulch\u00e9. Seis anos ap\u00f3s lan\u00e7amento de Rub\u00ed, a telenovela Teresa foi acusada de pl\u00e1gio. V\u00e1rios sites apontam semelhan\u00e7as entre as duas telenovelas. Barbara Mori, Eduardo Santamarina, Sebasti\u00e1n Rulli, Jacqueline Bracamontes, Manuel Landeta, Sergio Goyri, Carlos C\u00e1mara, Yadhira Carrillo, Miguel Pizarro, Jos\u00e9 El\u00edas Moreno, Luis Gatica, Paty D\u00edaz, Ingrid Martz e Ana Mart\u00edn interpretam os papeis principais da trama.<\/p>\n","protected":false},"excerpt":{"rendered":"<p>Resumo novela \u201cRubi\u201d 24\/03: no cap\u00edtulo 050 (*) da novela \u201cRubi\u201d, resumo de sexta-feira, 24 de mar\u00e7o, Cristina diz a Rubi que j\u00e1 sabe que sua m\u00e3e passou mal depois de falar com ela e acusa a irm\u00e3 de ter provocado sua morte. Os vizinhos, revoltados, expulsam Rubi. Magda acusa Rubi de ter roubado a [&hellip;]<\/p>\n","protected":false},"author":4,"featured_media":103954,"comment_status":"open","ping_status":"closed","sticky":false,"template":"","format":"standard","meta":{"tdm_status":"","tdm_grid_status":"","footnotes":""},"categories":[379,372,343],"tags":[441],"class_list":{"0":"post-109668","1":"post","2":"type-post","3":"status-publish","4":"format-standard","5":"has-post-thumbnail","7":"category-novelas","8":"category-sbt","9":"category-televisao","10":"tag-resumo-do-dia"},"_links":{"self":[{"href":"https:\/\/migracao.redenoticia.com.br\/noticia\/wp-json\/wp\/v2\/posts\/109668","targetHints":{"allow":["GET"]}}],"collection":[{"href":"https:\/\/migracao.redenoticia.com.br\/noticia\/wp-json\/wp\/v2\/posts"}],"about":[{"href":"https:\/\/migracao.redenoticia.com.br\/noticia\/wp-json\/wp\/v2\/types\/post"}],"author":[{"embeddable":true,"href":"https:\/\/migracao.redenoticia.com.br\/noticia\/wp-json\/wp\/v2\/users\/4"}],"replies":[{"embeddable":true,"href":"https:\/\/migracao.redenoticia.com.br\/noticia\/wp-json\/wp\/v2\/comments?post=109668"}],"version-history":[{"count":0,"href":"https:\/\/migracao.redenoticia.com.br\/noticia\/wp-json\/wp\/v2\/posts\/109668\/revisions"}],"wp:featuredmedia":[{"embeddable":true,"href":"https:\/\/migracao.redenoticia.com.br\/noticia\/wp-json\/wp\/v2\/media\/103954"}],"wp:attachment":[{"href":"https:\/\/migracao.redenoticia.com.br\/noticia\/wp-json\/wp\/v2\/media?parent=109668"}],"wp:term":[{"taxonomy":"category","embeddable":true,"href":"https:\/\/migracao.redenoticia.com.br\/noticia\/wp-json\/wp\/v2\/categories?post=109668"},{"taxonomy":"post_tag","embeddable":true,"href":"https:\/\/migracao.redenoticia.com.br\/noticia\/wp-json\/wp\/v2\/tags?post=109668"}],"curies":[{"name":"wp","href":"https:\/\/api.w.org\/{rel}","templated":true}]}}