{"id":109683,"date":"2017-03-23T16:35:34","date_gmt":"2017-03-23T19:35:34","guid":{"rendered":"http:\/\/www.redenoticia.com.br\/noticia\/?p=109683"},"modified":"2017-03-23T16:42:53","modified_gmt":"2017-03-23T19:42:53","slug":"resumo-novela-novo-mundo-2303-piata-alerta-anna-sobre-thomas-2","status":"publish","type":"post","link":"https:\/\/migracao.redenoticia.com.br\/noticia\/2017\/resumo-novela-novo-mundo-2303-piata-alerta-anna-sobre-thomas-2\/109683","title":{"rendered":"Resumo novela \u201cNovo Mundo\u201d 24\/03: Anna e Joaquim trocam juras de amor eterno"},"content":{"rendered":"<p> <img loading=\"lazy\" decoding=\"async\" class=\"alignleft size-thumbnail wp-image-107950\" src=\"https:\/\/migracao.redenoticia.com.br\/noticia\/imagens\/novo_mundo_novela_resumo_globo-150x112.jpg\" alt=\"\" width=\"150\" height=\"112\" srcset=\"https:\/\/migracao.redenoticia.com.br\/noticia\/imagens\/novo_mundo_novela_resumo_globo-150x112.jpg 150w, https:\/\/migracao.redenoticia.com.br\/noticia\/imagens\/novo_mundo_novela_resumo_globo-265x198.jpg 265w\" sizes=\"auto, (max-width: 150px) 100vw, 150px\" \/><strong><em>Resumo novela \u201cNovo Mundo\u201d 22\/03<\/em><\/strong>: no cap\u00edtulo 003 (*) da novela \u201cNovo Mundo\u201d, resumo de sexta-feira, 24 de mar\u00e7o, Joaquim se declara para Anna e a pede em namoro. Dom Jo\u00e3o e Carlota expulsam No\u00e8mie do pal\u00e1cio real, e Pedro avisa que ir\u00e1 com a amante. Thomas desconfia da intimidade entre Joaquim e Anna. Elvira \u00e9 descoberta no navio de carga e \u00e9 obrigada a trabalhar com a tripula\u00e7\u00e3o. Pedro promete a No\u00e8mie que seu casamento com Leopoldina n\u00e3o atrapalhar\u00e1 o relacionamento dos dois. Thomas oferece um jantar rom\u00e2ntico a Anna. Joaquim se aproxima de Piat\u00e3. Anna aceita namorar Joaquim. H\u00e1 uma passagem de tempo. Anna e Joaquim trocam juras de amor eterno. O navio atraca em sua \u00faltima parada antes de chegar ao Brasil. Chala\u00e7a alerta Pedro sobre a import\u00e2ncia de seu casamento com Leopoldina. Thomas arma para que Joaquim n\u00e3o consiga embarcar no navio.<\/p>\n<p>(*) edi\u00e7\u00e3o da Rede Globo, Novela \u201cNovo Mundo\u201d, sujeito a altera\u00e7\u00e3o de data e conte\u00fado.<\/p>\n<p>Novo Mundo \u00e9 uma telenovela brasileira produzida pela Rede Globo. Escrita por Thereza Falc\u00e3o e Alessandro Marson, conta com dire\u00e7\u00e3o art\u00edstica de Vin\u00edcius Coimbra. Conta com as participa\u00e7\u00f5es de Isabelle Drummond, Chay Suede, Caio Castro, Let\u00edcia Colin, Leo Jaime, D\u00e9bora Olivieri, Rodrigo Simas, Giullia Buscacio, Vivianne Pasmanter, Guilherme Piva, R\u00f4mulo Estrela, Agatha Moreira, Luisa Micheletti, Gabriel Braga Nunes, e Ingrid Guimar\u00e3es.<\/p>\n","protected":false},"excerpt":{"rendered":"<p>Resumo novela \u201cNovo Mundo\u201d 22\/03: no cap\u00edtulo 003 (*) da novela \u201cNovo Mundo\u201d, resumo de sexta-feira, 24 de mar\u00e7o, Joaquim se declara para Anna e a pede em namoro. Dom Jo\u00e3o e Carlota expulsam No\u00e8mie do pal\u00e1cio real, e Pedro avisa que ir\u00e1 com a amante. Thomas desconfia da intimidade entre Joaquim e Anna. Elvira [&hellip;]<\/p>\n","protected":false},"author":4,"featured_media":107950,"comment_status":"open","ping_status":"closed","sticky":false,"template":"","format":"standard","meta":{"tdm_status":"","tdm_grid_status":"","footnotes":""},"categories":[379,375,343],"tags":[441],"class_list":{"0":"post-109683","1":"post","2":"type-post","3":"status-publish","4":"format-standard","5":"has-post-thumbnail","7":"category-novelas","8":"category-rede-globo","9":"category-televisao","10":"tag-resumo-do-dia"},"_links":{"self":[{"href":"https:\/\/migracao.redenoticia.com.br\/noticia\/wp-json\/wp\/v2\/posts\/109683","targetHints":{"allow":["GET"]}}],"collection":[{"href":"https:\/\/migracao.redenoticia.com.br\/noticia\/wp-json\/wp\/v2\/posts"}],"about":[{"href":"https:\/\/migracao.redenoticia.com.br\/noticia\/wp-json\/wp\/v2\/types\/post"}],"author":[{"embeddable":true,"href":"https:\/\/migracao.redenoticia.com.br\/noticia\/wp-json\/wp\/v2\/users\/4"}],"replies":[{"embeddable":true,"href":"https:\/\/migracao.redenoticia.com.br\/noticia\/wp-json\/wp\/v2\/comments?post=109683"}],"version-history":[{"count":0,"href":"https:\/\/migracao.redenoticia.com.br\/noticia\/wp-json\/wp\/v2\/posts\/109683\/revisions"}],"wp:featuredmedia":[{"embeddable":true,"href":"https:\/\/migracao.redenoticia.com.br\/noticia\/wp-json\/wp\/v2\/media\/107950"}],"wp:attachment":[{"href":"https:\/\/migracao.redenoticia.com.br\/noticia\/wp-json\/wp\/v2\/media?parent=109683"}],"wp:term":[{"taxonomy":"category","embeddable":true,"href":"https:\/\/migracao.redenoticia.com.br\/noticia\/wp-json\/wp\/v2\/categories?post=109683"},{"taxonomy":"post_tag","embeddable":true,"href":"https:\/\/migracao.redenoticia.com.br\/noticia\/wp-json\/wp\/v2\/tags?post=109683"}],"curies":[{"name":"wp","href":"https:\/\/api.w.org\/{rel}","templated":true}]}}