{"id":109722,"date":"2017-03-24T00:05:58","date_gmt":"2017-03-24T03:05:58","guid":{"rendered":"http:\/\/www.redenoticia.com.br\/noticia\/?p=109722"},"modified":"2017-03-23T19:06:12","modified_gmt":"2017-03-23T22:06:12","slug":"ipt-abre-inscricoes-para-o-programa-novos-talentos","status":"publish","type":"post","link":"https:\/\/migracao.redenoticia.com.br\/noticia\/2017\/ipt-abre-inscricoes-para-o-programa-novos-talentos\/109722","title":{"rendered":"IPT abre inscri\u00e7\u00f5es para o programa Novos Talentos"},"content":{"rendered":"<p>Ag\u00eancia FAPESP \u2013 O Instituto de Pesquisas Tecnol\u00f3gicas abriu inscri\u00e7\u00f5es para selecionar candidatos para as 34 vagas do programa <em><strong>Novos Talentos do Instituto de Pesquisas Tecnol\u00f3gicas<\/strong><\/em> (IPT). O objetivo do programa \u00e9 apoiar as atividades de pesquisa e desenvolvimento de estudantes de mestrado, doutorado e p\u00f3s-doutorado. O prazo de inscri\u00e7\u00e3o encerra em 20 de abril.<\/p>\n<p>O programa oferece duas vagas para o mestrado e duas para o doutorado com bolsa integral; quatro vagas para o mestrado e quatro para o doutorado com bolsa suplementar; quatro vagas para o mestrado e quatro para o doutorado sem bolsas e, ainda, 14 vagas para o p\u00f3s-doutorado sem bolsas.<\/p>\n<p>O programa est\u00e1 aberto a candidatos de institui\u00e7\u00f5es de ensino superior e institutos de pesquisa, brasileiros ou estrangeiros, desde que atendam \u00e0s qualifica\u00e7\u00f5es previstas para cada caso e tenham foco em temas cient\u00edficos e tecnol\u00f3gicos de interesse do Instituto.<\/p>\n<p>Tanto no caso de orienta\u00e7\u00e3o feita somente por pesquisadores do IPT quanto nos casos de coorienta\u00e7\u00e3o, o estudante dever\u00e1 estar matriculado no momento da inscri\u00e7\u00e3o.<\/p>\n<p>Tamb\u00e9m poder\u00e3o candidatar-se estudantes de mestrado, doutorado ou pesquisadores de p\u00f3s-doutorado com v\u00ednculo empregat\u00edcio, que estejam desenvolvendo projetos de pesquisa de interesse para as respectivas empresas.<\/p>\n<p>As informa\u00e7\u00f5es sobre as inscri\u00e7\u00f5es est\u00e3o dispon\u00edveis no endere\u00e7o .<\/p>\n","protected":false},"excerpt":{"rendered":"<p>Ag\u00eancia FAPESP \u2013 O Instituto de Pesquisas Tecnol\u00f3gicas abriu inscri\u00e7\u00f5es para selecionar candidatos para as 34 vagas do programa Novos Talentos do Instituto de Pesquisas Tecnol\u00f3gicas (IPT). O objetivo do programa \u00e9 apoiar as atividades de pesquisa e desenvolvimento de estudantes de mestrado, doutorado e p\u00f3s-doutorado. O prazo de inscri\u00e7\u00e3o encerra em 20 de abril. [&hellip;]<\/p>\n","protected":false},"author":2,"featured_media":37419,"comment_status":"open","ping_status":"closed","sticky":false,"template":"","format":"standard","meta":{"tdm_status":"","tdm_grid_status":"","footnotes":""},"categories":[22,370,353],"tags":[],"class_list":{"0":"post-109722","1":"post","2":"type-post","3":"status-publish","4":"format-standard","5":"has-post-thumbnail","7":"category-brasil","8":"category-inscricao","9":"category-oportunidades"},"_links":{"self":[{"href":"https:\/\/migracao.redenoticia.com.br\/noticia\/wp-json\/wp\/v2\/posts\/109722","targetHints":{"allow":["GET"]}}],"collection":[{"href":"https:\/\/migracao.redenoticia.com.br\/noticia\/wp-json\/wp\/v2\/posts"}],"about":[{"href":"https:\/\/migracao.redenoticia.com.br\/noticia\/wp-json\/wp\/v2\/types\/post"}],"author":[{"embeddable":true,"href":"https:\/\/migracao.redenoticia.com.br\/noticia\/wp-json\/wp\/v2\/users\/2"}],"replies":[{"embeddable":true,"href":"https:\/\/migracao.redenoticia.com.br\/noticia\/wp-json\/wp\/v2\/comments?post=109722"}],"version-history":[{"count":0,"href":"https:\/\/migracao.redenoticia.com.br\/noticia\/wp-json\/wp\/v2\/posts\/109722\/revisions"}],"wp:featuredmedia":[{"embeddable":true,"href":"https:\/\/migracao.redenoticia.com.br\/noticia\/wp-json\/wp\/v2\/media\/37419"}],"wp:attachment":[{"href":"https:\/\/migracao.redenoticia.com.br\/noticia\/wp-json\/wp\/v2\/media?parent=109722"}],"wp:term":[{"taxonomy":"category","embeddable":true,"href":"https:\/\/migracao.redenoticia.com.br\/noticia\/wp-json\/wp\/v2\/categories?post=109722"},{"taxonomy":"post_tag","embeddable":true,"href":"https:\/\/migracao.redenoticia.com.br\/noticia\/wp-json\/wp\/v2\/tags?post=109722"}],"curies":[{"name":"wp","href":"https:\/\/api.w.org\/{rel}","templated":true}]}}