{"id":109725,"date":"2017-03-24T00:06:20","date_gmt":"2017-03-24T03:06:20","guid":{"rendered":"http:\/\/www.redenoticia.com.br\/noticia\/?p=109725"},"modified":"2017-03-23T19:07:56","modified_gmt":"2017-03-23T22:07:56","slug":"treinamento-tecnico-em-microbiologia-e-biologia-molecular-com-bolsa-da-fapesp","status":"publish","type":"post","link":"https:\/\/migracao.redenoticia.com.br\/noticia\/2017\/treinamento-tecnico-em-microbiologia-e-biologia-molecular-com-bolsa-da-fapesp\/109725","title":{"rendered":"Treinamento T\u00e9cnico em Microbiologia e Biologia Molecular com bolsa da FAPESP"},"content":{"rendered":"<p> Ag\u00eancia FAPESP \u2013 A Faculdade de Ci\u00eancias Farmac\u00eauticas de Ribeir\u00e3o Preto da Universidade de S\u00e3o Paulo (USP) oferece duas oportunidades de<em><strong> Treinamento T\u00e9cnico<\/strong><\/em> (TT-3) em Microbiologia e Biologia Molecular com Bolsa da FAPESP. O prazo de inscri\u00e7\u00e3o encerra em 2 de abril.<\/p>\n<p>As duas bolsas est\u00e3o vinculadas ao projeto de pesquisa \u201c\u201d, que tem Andr\u00e9 Pitondo da Silva como pesquisador principal.<\/p>\n<p>Os bolsistas ser\u00e3o capacitados a preparar diferentes meios de cultura para isolamento e identifica\u00e7\u00e3o de bact\u00e9rias; preparar solu\u00e7\u00f5es para diferentes metodologias utilizadas no laborat\u00f3rio de pesquisa; executar experimentos relacionados ao projeto de pesquisa, como PCR (rea\u00e7\u00e3o em cadeia da polimerase), antibiogramas, extra\u00e7\u00e3o de DNA gen\u00f4mico bacteriano, entre outros.<\/p>\n<p>Os candidatos n\u00e3o podem ter reprova\u00e7\u00f5es em nenhuma disciplina durante a gradua\u00e7\u00e3o, devem possuir n\u00edvel superior completo em Farm\u00e1cia, Biomedicina, Qu\u00edmica, Biologia, Biotecnologia ou \u00e1reas afins, n\u00e3o ter v\u00ednculo empregat\u00edcio e, preferencialmente, ter alguma experi\u00eancia em Biologia Molecular e Microbiologia.<\/p>\n<p>Os interessados dever\u00e3o enviar curriculum vitae, carta com uma breve justificativa que descreva o motivo do interesse pela vaga e hist\u00f3rico escolar para Andr\u00e9 Pitondo da Silva no e-mail andre.pitondo@gmail.com, identificando no campo assunto: &#8220;Bolsa TT3&#8221;.<\/p>\n<p>A oportunidade est\u00e1 publicada em .<\/p>\n<p>Para mais informa\u00e7\u00f5es sobre as bolsas de Treinamento T\u00e9cnico acesse  e .<\/p>\n<p>Informa\u00e7\u00f5es sobre valores das bolsas TT est\u00e3o dispon\u00edveis no endere\u00e7o .<\/p>\n","protected":false},"excerpt":{"rendered":"<p>Ag\u00eancia FAPESP \u2013 A Faculdade de Ci\u00eancias Farmac\u00eauticas de Ribeir\u00e3o Preto da Universidade de S\u00e3o Paulo (USP) oferece duas oportunidades de Treinamento T\u00e9cnico (TT-3) em Microbiologia e Biologia Molecular com Bolsa da FAPESP. O prazo de inscri\u00e7\u00e3o encerra em 2 de abril. As duas bolsas est\u00e3o vinculadas ao projeto de pesquisa \u201c\u201d, que tem Andr\u00e9 [&hellip;]<\/p>\n","protected":false},"author":2,"featured_media":36246,"comment_status":"open","ping_status":"closed","sticky":false,"template":"","format":"standard","meta":{"tdm_status":"","tdm_grid_status":"","footnotes":""},"categories":[22,351,370],"tags":[],"class_list":{"0":"post-109725","1":"post","2":"type-post","3":"status-publish","4":"format-standard","5":"has-post-thumbnail","7":"category-brasil","8":"category-cursos","9":"category-inscricao"},"_links":{"self":[{"href":"https:\/\/migracao.redenoticia.com.br\/noticia\/wp-json\/wp\/v2\/posts\/109725","targetHints":{"allow":["GET"]}}],"collection":[{"href":"https:\/\/migracao.redenoticia.com.br\/noticia\/wp-json\/wp\/v2\/posts"}],"about":[{"href":"https:\/\/migracao.redenoticia.com.br\/noticia\/wp-json\/wp\/v2\/types\/post"}],"author":[{"embeddable":true,"href":"https:\/\/migracao.redenoticia.com.br\/noticia\/wp-json\/wp\/v2\/users\/2"}],"replies":[{"embeddable":true,"href":"https:\/\/migracao.redenoticia.com.br\/noticia\/wp-json\/wp\/v2\/comments?post=109725"}],"version-history":[{"count":0,"href":"https:\/\/migracao.redenoticia.com.br\/noticia\/wp-json\/wp\/v2\/posts\/109725\/revisions"}],"wp:featuredmedia":[{"embeddable":true,"href":"https:\/\/migracao.redenoticia.com.br\/noticia\/wp-json\/wp\/v2\/media\/36246"}],"wp:attachment":[{"href":"https:\/\/migracao.redenoticia.com.br\/noticia\/wp-json\/wp\/v2\/media?parent=109725"}],"wp:term":[{"taxonomy":"category","embeddable":true,"href":"https:\/\/migracao.redenoticia.com.br\/noticia\/wp-json\/wp\/v2\/categories?post=109725"},{"taxonomy":"post_tag","embeddable":true,"href":"https:\/\/migracao.redenoticia.com.br\/noticia\/wp-json\/wp\/v2\/tags?post=109725"}],"curies":[{"name":"wp","href":"https:\/\/api.w.org\/{rel}","templated":true}]}}