{"id":109864,"date":"2017-03-27T00:30:26","date_gmt":"2017-03-27T03:30:26","guid":{"rendered":"http:\/\/www.redenoticia.com.br\/noticia\/?p=109864"},"modified":"2017-03-26T19:30:53","modified_gmt":"2017-03-26T22:30:53","slug":"uniceub-divulga-vestibular-para-medicina","status":"publish","type":"post","link":"https:\/\/migracao.redenoticia.com.br\/noticia\/2017\/uniceub-divulga-vestibular-para-medicina\/109864","title":{"rendered":"UniCEUB divulga Vestibular para Medicina"},"content":{"rendered":"<p> O Centro Universit\u00e1rio de Bras\u00edlia (UniCEUB) publicou edital de abertura para o <strong><em>Vestibular de Medicina<\/em><\/strong> da Institui\u00e7\u00e3o. No total, s\u00e3o 50 oportunidades oferecidas no campus Asa Norte, no turno diurno. As inscri\u00e7\u00f5es na sele\u00e7\u00e3o estar\u00e3o abertas entre 31 de mar\u00e7o e 13 de abril, pelo endere\u00e7o eletr\u00f4nico . Para participar, \u00e9 preciso pagar a taxa de R$ 450,00.<\/p>\n<p>Os interessados no Vestibular devem possuir 16 anos completos at\u00e9 a data final do prazo de inscri\u00e7\u00f5es. \u00c9 preciso, ainda, ter certificado de conclus\u00e3o do ensino m\u00e9dio (ou curso equivalente) ou comprovar a conclus\u00e3o do ensino m\u00e9dio, na data de matr\u00edcula no UniCEUB.<\/p>\n<p>O Vestibular ocorre por meio da aplica\u00e7\u00e3o de prova objetiva e prova de reda\u00e7\u00e3o. As \u00e1reas de conhecimento a serem abordadas na prova objetiva s\u00e3o: Arte e Cultura, Biologia, Filosofia e Sociologia, F\u00edsica, Geografia, Hist\u00f3ria, L\u00edngua Inglesa, L\u00edngua Portuguesa, Literatura de L\u00edngua Portuguesa, Matem\u00e1tica e Qu\u00edmica. Ambas as avalia\u00e7\u00f5es acontecem na data prov\u00e1vel de 21 de maio, em Bras\u00edlia (DF) e tamb\u00e9m em Goi\u00e2nia (GO).<\/p>\n<p>A primeira chamada est\u00e1 prevista para ser divulgada em 30 de junho.<\/p>\n<p>SERVI\u00c7O<br \/>\nVestibular: Centro Universit\u00e1rio de Bras\u00edlia (UniCEUB)<br \/>\nCurso: Medicina (diurno)<br \/>\nVagas: 50<br \/>\nInscri\u00e7\u00f5es: entre 31 de mar\u00e7o e 13 de abril<br \/>\nTaxa de inscri\u00e7\u00e3o: R$ 450,00<br \/>\nProvas: 21 de maio<br \/>\nMatr\u00edcula dos aprovados: 4 e 5 de julho<\/p>\n<p>CONTATO<br \/>\nOutras informa\u00e7\u00f5es nos sites  e  ou na Central de Atendimento ao Candidato do Cespe, de segunda a sexta, das 7h30 \u00e0s 20h30 \u2013 Campus Darcy Ribeiro, Sede do Cespe \u2013 pelo telefone (61) 3448 0100.<\/p>\n","protected":false},"excerpt":{"rendered":"<p>O Centro Universit\u00e1rio de Bras\u00edlia (UniCEUB) publicou edital de abertura para o Vestibular de Medicina da Institui\u00e7\u00e3o. No total, s\u00e3o 50 oportunidades oferecidas no campus Asa Norte, no turno diurno. As inscri\u00e7\u00f5es na sele\u00e7\u00e3o estar\u00e3o abertas entre 31 de mar\u00e7o e 13 de abril, pelo endere\u00e7o eletr\u00f4nico . Para participar, \u00e9 preciso pagar a taxa [&hellip;]<\/p>\n","protected":false},"author":2,"featured_media":35093,"comment_status":"open","ping_status":"closed","sticky":false,"template":"","format":"standard","meta":{"tdm_status":"","tdm_grid_status":"","footnotes":""},"categories":[22,370,295],"tags":[],"class_list":{"0":"post-109864","1":"post","2":"type-post","3":"status-publish","4":"format-standard","5":"has-post-thumbnail","7":"category-brasil","8":"category-inscricao","9":"category-vestibular"},"_links":{"self":[{"href":"https:\/\/migracao.redenoticia.com.br\/noticia\/wp-json\/wp\/v2\/posts\/109864","targetHints":{"allow":["GET"]}}],"collection":[{"href":"https:\/\/migracao.redenoticia.com.br\/noticia\/wp-json\/wp\/v2\/posts"}],"about":[{"href":"https:\/\/migracao.redenoticia.com.br\/noticia\/wp-json\/wp\/v2\/types\/post"}],"author":[{"embeddable":true,"href":"https:\/\/migracao.redenoticia.com.br\/noticia\/wp-json\/wp\/v2\/users\/2"}],"replies":[{"embeddable":true,"href":"https:\/\/migracao.redenoticia.com.br\/noticia\/wp-json\/wp\/v2\/comments?post=109864"}],"version-history":[{"count":0,"href":"https:\/\/migracao.redenoticia.com.br\/noticia\/wp-json\/wp\/v2\/posts\/109864\/revisions"}],"wp:featuredmedia":[{"embeddable":true,"href":"https:\/\/migracao.redenoticia.com.br\/noticia\/wp-json\/wp\/v2\/media\/35093"}],"wp:attachment":[{"href":"https:\/\/migracao.redenoticia.com.br\/noticia\/wp-json\/wp\/v2\/media?parent=109864"}],"wp:term":[{"taxonomy":"category","embeddable":true,"href":"https:\/\/migracao.redenoticia.com.br\/noticia\/wp-json\/wp\/v2\/categories?post=109864"},{"taxonomy":"post_tag","embeddable":true,"href":"https:\/\/migracao.redenoticia.com.br\/noticia\/wp-json\/wp\/v2\/tags?post=109864"}],"curies":[{"name":"wp","href":"https:\/\/api.w.org\/{rel}","templated":true}]}}