{"id":109887,"date":"2017-03-27T00:32:10","date_gmt":"2017-03-27T03:32:10","guid":{"rendered":"http:\/\/www.redenoticia.com.br\/noticia\/?p=109887"},"modified":"2017-03-26T19:33:08","modified_gmt":"2017-03-26T22:33:08","slug":"campanha-de-vacinacao-contra-febre-amarela-no-rio-tem-boa-adesao-da-populacao","status":"publish","type":"post","link":"https:\/\/migracao.redenoticia.com.br\/noticia\/2017\/campanha-de-vacinacao-contra-febre-amarela-no-rio-tem-boa-adesao-da-populacao\/109887","title":{"rendered":"Campanha de vacina\u00e7\u00e3o contra febre amarela no Rio tem boa ades\u00e3o da popula\u00e7\u00e3o"},"content":{"rendered":"<p> A capital fluminense oferece a <strong><em>vacina contra a febre amarela<\/em><\/strong> em todas as 233 unidades de aten\u00e7\u00e3o b\u00e1sica do munic\u00edpio. Ser\u00e1 poss\u00edvel tomar a vacina em qualquer cl\u00ednica da fam\u00edlia ou centro municipal de Sa\u00fade da cidade at\u00e9 o fim do ano. Neste s\u00e1bado, postos de sa\u00fade j\u00e1 tinham grandes filas logo mesmo antes da abertura dos port\u00f5es, \u00e0s 9h. Crian\u00e7as a partir de 9 meses a adultos de 59 anos s\u00e3o o p\u00fablico-alvo da campanha. Pessoas que v\u00e3o viajar para \u00e1reas onde h\u00e1 surto da doen\u00e7a tamb\u00e9m devem se vacinar.<\/p>\n<p>A aposentada Ana Maria Pimentel Celso 73 anos, visitar\u00e1 parentes em Minas Gerais e chegou cedo ao posto de sa\u00fade da Siqueira Campos, em Copacabana, zona sul do Rio de Janeiro. \u201cVim hoje, pois vou viajar. Vou a Uberl\u00e2ndia, \u00e9 melhor a gente se prevenir\u201d, disse Ana Maria, que elogiou a rapidez no atendimento.<\/p>\n<p>Gar\u00e7onete do restaurante ao lado do posto, Cleidiane de Carvalho, 29 nos, ficou sabendo da campanha pelas colegas e entrou na fila. \u201cJ\u00e1 tomei ano passado, porque viajei, mas vim ver se preciso tomar novamente\u201d, contou ela, pouco antes de ser informada de que quem tomou a vacina em um per\u00edodo de dez anos n\u00e3o precisa ser imunizado.<\/p>\n<p>Cinco casos da doen\u00e7a foram confirmados na cidade de Casimiro de Abreu e uma pessoa morreu. A Secretaria Municipal de Sa\u00fade ressalta que a vacina\u00e7\u00e3o continua a ser recomendada apenas para quem vai viajar para locais onde h\u00e1 risco de cont\u00e1gio ou exig\u00eancia de vacina\u00e7\u00e3o e que a cidade do Rio de Janeiro ainda n\u00e3o registrou casos da doen\u00e7a.<\/p>\n<p>Para o banc\u00e1rio Luiz Bonzan Sentanes, 51 anos,  a campanha deveria ter come\u00e7ado quando os primeiros surtos foram registrados em Minas Gerais e no Esp\u00edrito Santo, no in\u00edcio do ano. \u201cCom esses feriados, muita gente vem ao Rio. Mineiros frequentam muito a Regi\u00e3o dos Lagos, onde tem muita incid\u00eancia de mosquito tamb\u00e9m. Acho que essa imuniza\u00e7\u00e3o poderia ter sido feita h\u00e1 bastante tempo\u201d.<\/p>\n<p>De acordo com a Funda\u00e7\u00e3o Oswaldo Cruz (Fiocruz), at\u00e9 o fim do m\u00eas ser\u00e3o entregues 8,4 milh\u00f5es de doses de vacina contra febre amarela ao Minist\u00e9rio da Sa\u00fade. At\u00e9 o fim do ano ser\u00e3o distribu\u00eddos cerca de 78 milh\u00f5es de doses.<\/p>\n<p>Fl\u00e1via Villela &#8211; Rep\u00f3rter da Ag\u00eancia Brasil<br \/>\nEdi\u00e7\u00e3o: Juliana Andrade<br \/>\n27\/03\/2017<\/p>\n","protected":false},"excerpt":{"rendered":"<p>A capital fluminense oferece a vacina contra a febre amarela em todas as 233 unidades de aten\u00e7\u00e3o b\u00e1sica do munic\u00edpio. Ser\u00e1 poss\u00edvel tomar a vacina em qualquer cl\u00ednica da fam\u00edlia ou centro municipal de Sa\u00fade da cidade at\u00e9 o fim do ano. Neste s\u00e1bado, postos de sa\u00fade j\u00e1 tinham grandes filas logo mesmo antes da [&hellip;]<\/p>\n","protected":false},"author":2,"featured_media":34747,"comment_status":"open","ping_status":"closed","sticky":false,"template":"","format":"standard","meta":{"tdm_status":"","tdm_grid_status":"","footnotes":""},"categories":[22,5],"tags":[],"class_list":{"0":"post-109887","1":"post","2":"type-post","3":"status-publish","4":"format-standard","5":"has-post-thumbnail","7":"category-brasil","8":"category-saude-e-vida"},"_links":{"self":[{"href":"https:\/\/migracao.redenoticia.com.br\/noticia\/wp-json\/wp\/v2\/posts\/109887","targetHints":{"allow":["GET"]}}],"collection":[{"href":"https:\/\/migracao.redenoticia.com.br\/noticia\/wp-json\/wp\/v2\/posts"}],"about":[{"href":"https:\/\/migracao.redenoticia.com.br\/noticia\/wp-json\/wp\/v2\/types\/post"}],"author":[{"embeddable":true,"href":"https:\/\/migracao.redenoticia.com.br\/noticia\/wp-json\/wp\/v2\/users\/2"}],"replies":[{"embeddable":true,"href":"https:\/\/migracao.redenoticia.com.br\/noticia\/wp-json\/wp\/v2\/comments?post=109887"}],"version-history":[{"count":0,"href":"https:\/\/migracao.redenoticia.com.br\/noticia\/wp-json\/wp\/v2\/posts\/109887\/revisions"}],"wp:featuredmedia":[{"embeddable":true,"href":"https:\/\/migracao.redenoticia.com.br\/noticia\/wp-json\/wp\/v2\/media\/34747"}],"wp:attachment":[{"href":"https:\/\/migracao.redenoticia.com.br\/noticia\/wp-json\/wp\/v2\/media?parent=109887"}],"wp:term":[{"taxonomy":"category","embeddable":true,"href":"https:\/\/migracao.redenoticia.com.br\/noticia\/wp-json\/wp\/v2\/categories?post=109887"},{"taxonomy":"post_tag","embeddable":true,"href":"https:\/\/migracao.redenoticia.com.br\/noticia\/wp-json\/wp\/v2\/tags?post=109887"}],"curies":[{"name":"wp","href":"https:\/\/api.w.org\/{rel}","templated":true}]}}