{"id":1099,"date":"2009-05-01T14:53:24","date_gmt":"2009-05-01T18:53:24","guid":{"rendered":"http:\/\/www.redenoticia.com.br\/noticia\/?p=1099"},"modified":"2009-05-01T14:53:24","modified_gmt":"2009-05-01T18:53:24","slug":"chiquinho-scarpa-esta-em-coma-apos-cirurgia-para-reducao-de-estomago","status":"publish","type":"post","link":"https:\/\/migracao.redenoticia.com.br\/noticia\/2009\/chiquinho-scarpa-esta-em-coma-apos-cirurgia-para-reducao-de-estomago\/1099","title":{"rendered":"Chiquinho Scarpa est\u00e1 em coma ap\u00f3s cirurgia para redu\u00e7\u00e3o de est\u00f4mago"},"content":{"rendered":"<p class=\"MsoNormal\"><span style=\"font-family: Arial;\">Chiquinho Scarpa, 58 anos e famoso playboy paulistano, est\u00e1 internado em coma induzido no Hospital S\u00edrio Liban\u00eas, no centro, por ter passado mal ap\u00f3s uma cirurgia de redu\u00e7\u00e3o de est\u00f4mago, na semana passada.<\/span><\/p>\n<p class=\"MsoNormal\"><span style=\"font-family: Arial;\">O empres\u00e1rio j\u00e1 estava em casa, se recuperando, quando passou mal ao ingerir alimentos em excesso e voltou ao hospital. A m\u00e3e de Chiquinho, Patsy Scarpa, confirma a informa\u00e7\u00e3o e diz que \u201ca situa\u00e7\u00e3o \u00e9 muito complicada\u201d. <\/span><\/p>\n<p class=\"MsoNormal\"><span style=\"font-family: Arial;\">A assessoria do S\u00edrio Liban\u00eas confirma que Chiquinho est\u00e1 internado e informa que, a pedido da fam\u00edlia, n\u00e3o pode dar mais informa\u00e7\u00f5es sobre o paciente. <\/span><\/p>\n<p class=\"MsoNormal\"><span style=\"font-family: Arial;\" lang=\"PT\">News Free<\/span><span style=\"font-family: Arial;\"><\/span><\/p>\n","protected":false},"excerpt":{"rendered":"<p>Chiquinho Scarpa, 58 anos e famoso playboy paulistano, est\u00e1 internado em coma induzido no Hospital S\u00edrio Liban\u00eas, no centro, por ter passado mal ap\u00f3s uma cirurgia de redu\u00e7\u00e3o de est\u00f4mago, na semana passada. O empres\u00e1rio j\u00e1 estava em casa, se recuperando, quando passou mal ao ingerir alimentos em excesso e voltou ao hospital. A m\u00e3e [&hellip;]<\/p>\n","protected":false},"author":3,"featured_media":0,"comment_status":"open","ping_status":"open","sticky":false,"template":"","format":"standard","meta":{"tdm_status":"","tdm_grid_status":"","footnotes":""},"categories":[22],"tags":[],"class_list":{"0":"post-1099","1":"post","2":"type-post","3":"status-publish","4":"format-standard","6":"category-brasil"},"_links":{"self":[{"href":"https:\/\/migracao.redenoticia.com.br\/noticia\/wp-json\/wp\/v2\/posts\/1099","targetHints":{"allow":["GET"]}}],"collection":[{"href":"https:\/\/migracao.redenoticia.com.br\/noticia\/wp-json\/wp\/v2\/posts"}],"about":[{"href":"https:\/\/migracao.redenoticia.com.br\/noticia\/wp-json\/wp\/v2\/types\/post"}],"author":[{"embeddable":true,"href":"https:\/\/migracao.redenoticia.com.br\/noticia\/wp-json\/wp\/v2\/users\/3"}],"replies":[{"embeddable":true,"href":"https:\/\/migracao.redenoticia.com.br\/noticia\/wp-json\/wp\/v2\/comments?post=1099"}],"version-history":[{"count":0,"href":"https:\/\/migracao.redenoticia.com.br\/noticia\/wp-json\/wp\/v2\/posts\/1099\/revisions"}],"wp:attachment":[{"href":"https:\/\/migracao.redenoticia.com.br\/noticia\/wp-json\/wp\/v2\/media?parent=1099"}],"wp:term":[{"taxonomy":"category","embeddable":true,"href":"https:\/\/migracao.redenoticia.com.br\/noticia\/wp-json\/wp\/v2\/categories?post=1099"},{"taxonomy":"post_tag","embeddable":true,"href":"https:\/\/migracao.redenoticia.com.br\/noticia\/wp-json\/wp\/v2\/tags?post=1099"}],"curies":[{"name":"wp","href":"https:\/\/api.w.org\/{rel}","templated":true}]}}