{"id":109912,"date":"2017-03-27T22:47:08","date_gmt":"2017-03-28T01:47:08","guid":{"rendered":"http:\/\/www.redenoticia.com.br\/noticia\/?p=109912"},"modified":"2018-08-13T10:38:45","modified_gmt":"2018-08-13T13:38:45","slug":"bbb-17-votacao-em-daniel-e-emilly-movimenta-a-enquete","status":"publish","type":"post","link":"https:\/\/migracao.redenoticia.com.br\/noticia\/2017\/bbb-17-votacao-em-daniel-e-emilly-movimenta-a-enquete\/109912","title":{"rendered":"\u201cBBB\u201d 17: vota\u00e7\u00e3o em Daniel e Emilly movimentou a enquete"},"content":{"rendered":"<p> <em><strong>\u201cBBB&#8221; 17 vota\u00e7\u00e3o enquete:<\/strong><\/em> Daniel recebeu 68,38% dos votos v\u00e1lidos e foi eliminado do programa. Este pared\u00e3o come\u00e7ou em 26\/03, quando o apresentador Tiago Leifert confirmou o Anjo autoimune, a disputa por 2 confinados, formada pela indica\u00e7\u00e3o do L\u00edder e o mais votado pela casa, e a elimina\u00e7\u00e3o nesta segunda-feira, 27\/03. Ele liberou Ilmar e Emilly do Castigo do Monstro. Logo depois, Marinalva foi informada sobre sua imunidade pelo anjo autoimune. O L\u00edder Ilmar indicou Daniel para o pared\u00e3o. Vota\u00e7\u00e3o da casa: Marcos e Emilly votaram na Ieda. Vivian, Daniel, Marinalva e Ieda votaram na Emilly. Logo depois, Leifert deu largada na vota\u00e7\u00e3o do pared\u00e3o duplo. A vota\u00e7\u00e3o aconteceu at\u00e9 o programa ao vivo da segunda-feira, 27\/03. <\/p>\n<p><script type=\"text\/javascript\" charset=\"utf-8\" src=\"http:\/\/static.polldaddy.com\/p\/9707241.js\"><\/script><br \/>\n<noscript><\/noscript> <\/p>\n<p>Resultado parcial 27\/03 01h39<br \/>\nDaniel 77,35% (119.894 votos); Emilly 22,65% (35.107 votos). Total de votos: 155.001.<br \/>\nResultado parcial 27\/03 14h42<br \/>\nDaniel 79,35% (323.259 votos); Emilly 20,65% (84.150 votos). Total de votos: 407.409.<br \/>\nResultado parcial 27\/03 20h37<br \/>\nDaniel 79,87% (450.109 votos); Emilly 20,13% (113.431 votos). Total de votos: 563.540.<\/p>\n<p>A vota\u00e7\u00e3o oficial aconteceu no endere\u00e7o da Rede Globo<\/p>\n<p>Fonte \u201cBBB&#8221; 17 \u2013 Vota\u00e7\u00e3o Enquete<\/p>\n<p>Not\u00edcias relacionadas:<\/p>\n<p>&#8212;<br \/>\nConcorrentes que entraram na casa em 23 e 24\/01: os g\u00eameos Antonio e Manoel e Emilly e Mayla. Vivian Amorim, R\u00f4mulo Neves, Roberta Diniz, Pedro Falc\u00e3o, Mayara Rodrigues, Marinalva Almeida, Marcos Harter, Luiz Felipe, Ilmar Fonseca, Ieda, Gabriela Flor, Elis Nair e Daniel Fontes.<\/p>\n","protected":false},"excerpt":{"rendered":"<p>\u201cBBB&#8221; 17 vota\u00e7\u00e3o enquete: Daniel recebeu 68,38% dos votos v\u00e1lidos e foi eliminado do programa. Este pared\u00e3o come\u00e7ou em 26\/03, quando o apresentador Tiago Leifert confirmou o Anjo autoimune, a disputa por 2 confinados, formada pela indica\u00e7\u00e3o do L\u00edder e o mais votado pela casa, e a elimina\u00e7\u00e3o nesta segunda-feira, 27\/03. Ele liberou Ilmar e [&hellip;]<\/p>\n","protected":false},"author":2,"featured_media":64479,"comment_status":"open","ping_status":"closed","sticky":false,"template":"","format":"standard","meta":{"tdm_status":"","tdm_grid_status":"","footnotes":""},"categories":[520,375,343],"tags":[],"class_list":{"0":"post-109912","1":"post","2":"type-post","3":"status-publish","4":"format-standard","5":"has-post-thumbnail","7":"category-big-brother-brasil","8":"category-rede-globo","9":"category-televisao"},"_links":{"self":[{"href":"https:\/\/migracao.redenoticia.com.br\/noticia\/wp-json\/wp\/v2\/posts\/109912","targetHints":{"allow":["GET"]}}],"collection":[{"href":"https:\/\/migracao.redenoticia.com.br\/noticia\/wp-json\/wp\/v2\/posts"}],"about":[{"href":"https:\/\/migracao.redenoticia.com.br\/noticia\/wp-json\/wp\/v2\/types\/post"}],"author":[{"embeddable":true,"href":"https:\/\/migracao.redenoticia.com.br\/noticia\/wp-json\/wp\/v2\/users\/2"}],"replies":[{"embeddable":true,"href":"https:\/\/migracao.redenoticia.com.br\/noticia\/wp-json\/wp\/v2\/comments?post=109912"}],"version-history":[{"count":0,"href":"https:\/\/migracao.redenoticia.com.br\/noticia\/wp-json\/wp\/v2\/posts\/109912\/revisions"}],"wp:featuredmedia":[{"embeddable":true,"href":"https:\/\/migracao.redenoticia.com.br\/noticia\/wp-json\/wp\/v2\/media\/64479"}],"wp:attachment":[{"href":"https:\/\/migracao.redenoticia.com.br\/noticia\/wp-json\/wp\/v2\/media?parent=109912"}],"wp:term":[{"taxonomy":"category","embeddable":true,"href":"https:\/\/migracao.redenoticia.com.br\/noticia\/wp-json\/wp\/v2\/categories?post=109912"},{"taxonomy":"post_tag","embeddable":true,"href":"https:\/\/migracao.redenoticia.com.br\/noticia\/wp-json\/wp\/v2\/tags?post=109912"}],"curies":[{"name":"wp","href":"https:\/\/api.w.org\/{rel}","templated":true}]}}