{"id":109927,"date":"2017-03-28T00:17:00","date_gmt":"2017-03-28T03:17:00","guid":{"rendered":"http:\/\/www.redenoticia.com.br\/noticia\/?p=109927"},"modified":"2017-03-27T15:19:01","modified_gmt":"2017-03-27T18:19:01","slug":"ifusp-abre-concurso-para-professor-doutor-na-area-de-fisica-da-materia-condensada","status":"publish","type":"post","link":"https:\/\/migracao.redenoticia.com.br\/noticia\/2017\/ifusp-abre-concurso-para-professor-doutor-na-area-de-fisica-da-materia-condensada\/109927","title":{"rendered":"IFUSP abre concurso para Professor Doutor na \u00e1rea de F\u00edsica da Mat\u00e9ria Condensada"},"content":{"rendered":"<p>Ag\u00eancia FAPESP \u2013 O Departamento de F\u00edsica dos Materiais e Mec\u00e2nica do Instituto de F\u00edsica da Universidade de S\u00e3o Paulo (USP) abriu inscri\u00e7\u00f5es para <em><strong>concurso de t\u00edtulos e prova para provimento de um cargo de Professor Doutor<\/strong><\/em> (MS-3.1) na \u00e1rea de Pesquisa Experimental de F\u00edsica da Mat\u00e9ria Condensada. O prazo de inscri\u00e7\u00e3o encerra em 3 de abril.<\/p>\n<p>A contrata\u00e7\u00e3o ser\u00e1 em Regime de Dedica\u00e7\u00e3o Integral \u00e0 Doc\u00eancia e \u00e0 Pesquisa (RDIDP) com sal\u00e1rio de R$ 10.360,07.<\/p>\n<p>As inscri\u00e7\u00f5es ser\u00e3o realizadas na Assist\u00eancia Acad\u00eamica do Instituto de F\u00edsica, das 9h \u00e0s 12h e das 14h \u00e0s 17h em dias \u00fateis, \u00e0 pra\u00e7a do Oceanogr\u00e1fico, Travessa E s\/n, Edif\u00edcio Principal, Ala 1, sala 339, na Cidade Universit\u00e1ria, em S\u00e3o Paulo.<\/p>\n<p>Os formul\u00e1rios para as inscri\u00e7\u00f5es e os editais est\u00e3o dispon\u00edveis no site .<\/p>\n<p>Para candidatos estrangeiros, as instru\u00e7\u00f5es e os formul\u00e1rios para as inscri\u00e7\u00f5es est\u00e3o dispon\u00edveis no site .<\/p>\n<p>Informa\u00e7\u00f5es adicionais poder\u00e3o ser obtidas na Assist\u00eancia Acad\u00eamica do IFUSP pelos telefones (11) 3091-6020 e (11) 3091-7000.<\/p>\n","protected":false},"excerpt":{"rendered":"<p>Ag\u00eancia FAPESP \u2013 O Departamento de F\u00edsica dos Materiais e Mec\u00e2nica do Instituto de F\u00edsica da Universidade de S\u00e3o Paulo (USP) abriu inscri\u00e7\u00f5es para concurso de t\u00edtulos e prova para provimento de um cargo de Professor Doutor (MS-3.1) na \u00e1rea de Pesquisa Experimental de F\u00edsica da Mat\u00e9ria Condensada. O prazo de inscri\u00e7\u00e3o encerra em 3 [&hellip;]<\/p>\n","protected":false},"author":2,"featured_media":36246,"comment_status":"open","ping_status":"closed","sticky":false,"template":"","format":"standard","meta":{"tdm_status":"","tdm_grid_status":"","footnotes":""},"categories":[22,370,353],"tags":[],"class_list":{"0":"post-109927","1":"post","2":"type-post","3":"status-publish","4":"format-standard","5":"has-post-thumbnail","7":"category-brasil","8":"category-inscricao","9":"category-oportunidades"},"_links":{"self":[{"href":"https:\/\/migracao.redenoticia.com.br\/noticia\/wp-json\/wp\/v2\/posts\/109927","targetHints":{"allow":["GET"]}}],"collection":[{"href":"https:\/\/migracao.redenoticia.com.br\/noticia\/wp-json\/wp\/v2\/posts"}],"about":[{"href":"https:\/\/migracao.redenoticia.com.br\/noticia\/wp-json\/wp\/v2\/types\/post"}],"author":[{"embeddable":true,"href":"https:\/\/migracao.redenoticia.com.br\/noticia\/wp-json\/wp\/v2\/users\/2"}],"replies":[{"embeddable":true,"href":"https:\/\/migracao.redenoticia.com.br\/noticia\/wp-json\/wp\/v2\/comments?post=109927"}],"version-history":[{"count":0,"href":"https:\/\/migracao.redenoticia.com.br\/noticia\/wp-json\/wp\/v2\/posts\/109927\/revisions"}],"wp:featuredmedia":[{"embeddable":true,"href":"https:\/\/migracao.redenoticia.com.br\/noticia\/wp-json\/wp\/v2\/media\/36246"}],"wp:attachment":[{"href":"https:\/\/migracao.redenoticia.com.br\/noticia\/wp-json\/wp\/v2\/media?parent=109927"}],"wp:term":[{"taxonomy":"category","embeddable":true,"href":"https:\/\/migracao.redenoticia.com.br\/noticia\/wp-json\/wp\/v2\/categories?post=109927"},{"taxonomy":"post_tag","embeddable":true,"href":"https:\/\/migracao.redenoticia.com.br\/noticia\/wp-json\/wp\/v2\/tags?post=109927"}],"curies":[{"name":"wp","href":"https:\/\/api.w.org\/{rel}","templated":true}]}}