{"id":10993,"date":"2009-09-08T17:36:10","date_gmt":"2009-09-08T21:36:10","guid":{"rendered":"http:\/\/www.redenoticia.com.br\/noticia\/?p=10993"},"modified":"2009-09-08T17:36:10","modified_gmt":"2009-09-08T21:36:10","slug":"delegacao-brasileira-viaja-a-denver-para-discutir-acoes-bilaterais-em-inovacao","status":"publish","type":"post","link":"https:\/\/migracao.redenoticia.com.br\/noticia\/2009\/delegacao-brasileira-viaja-a-denver-para-discutir-acoes-bilaterais-em-inovacao\/10993","title":{"rendered":"Delega\u00e7\u00e3o brasileira viaja a Denver para discutir a\u00e7\u00f5es bilaterais em inova\u00e7\u00e3o"},"content":{"rendered":"<p>O\u00a0desenvolvimento da for\u00e7a de trabalho para a inova\u00e7\u00e3o e o debate em propostas j\u00e1 em curso sobre efici\u00eancia energ\u00e9tica, <strong>tecnologias limpas<\/strong> e co-incuba\u00e7\u00e3o de empresas, ser\u00e3o os assuntos discutidos em Denver, nos Estados Unidos,\u00a0nos dias 9, 10 e 11 de setembro. Representantes dos governos e da comunidade acad\u00eamica e cientifica do Brasil e dos EUA estar\u00e3o reunidos para o 6\u00ba Laborat\u00f3rio de Aprendizagem em Inova\u00e7\u00e3o 2009, com o tema\u00a0<em>Pesquisa e o Desenvolvimento como a Semente para a Inova\u00e7\u00e3o<\/em>.<\/p>\n<p>O encontro \u00e9 o \u00faltimo dos seis laborat\u00f3rios que o <strong>Movimento Brasil Competitivo (MBC)<\/strong>, a Ag\u00eancia Brasileira de Desenvolvimento Industrial (ABDI) e o Conselho de Competitividade dos EUA (CoC) organizam em conjunto no Brasil e Estados Unidos este ano. O objetivo \u00e9 debater a promo\u00e7\u00e3o da transfer\u00eancia de conhecimento e tecnologia, o est\u00edmulo ao empreendedorismo e o desenvolvimento das pr\u00f3ximas gera\u00e7\u00f5es de inovadores nos dois pa\u00edses.<\/p>\n<p>Entre as presen\u00e7as internacionais j\u00e1 confirmadas, destaque para Dan Arvizu, Chefe Executivo do Laborat\u00f3rio Nacional de Energia Renov\u00e1vel, a presidente do CoC, Deborah Wince-Smith, e o diretor de Planejamento Estrat\u00e9gico e An\u00e1lise do Departamento de Energia dos EUA, David E. Rodgers. A delega\u00e7\u00e3o brasileira segue liderada por Cl\u00e1udio Gastal, presidente do MBC, e o diretor da ABDI, Clayton Campanhola.<\/p>\n<p>Os debates ser\u00e3o focados em estrat\u00e9gias de lideran\u00e7a, capacita\u00e7\u00e3o, busca por talentos e pol\u00edticas voltadas ao est\u00edmulo do desenvolvimento de tecnologia para a produ\u00e7\u00e3o de energias renov\u00e1veis nos dois pa\u00edses. Os participantes do evento tamb\u00e9m realizar\u00e3o uma visita t\u00e9cnica ao Xcel Energy, para conhecer a filosofia da rede inteligente da empresa, seguido por um tour pelo centro de opera\u00e7\u00f5es e controle e uma rodada de debates.<\/p>\n<p>O trabalho dos seis laborat\u00f3rios resultar\u00e1 em conjunto de recomenda\u00e7\u00f5es para os setores p\u00fablico e privado, identificar\u00e1 novas parcerias e neg\u00f3cios entre as duas na\u00e7\u00f5es e contribuir\u00e1 para os debates da 2\u00ba Confer\u00eancia sobre Inova\u00e7\u00e3o Brasil-EUA, (2nd US Brazil Innovation Summit), \u00a0que MBC, ABDI e CoC promovem em mar\u00e7o de 2010, na Universidade de Georgetown, em Washington, D.C.\u00a0 A primeira Confer\u00eancia\u00a0 foi realizada em julho de 2007, em Bras\u00edlia.<\/p>\n","protected":false},"excerpt":{"rendered":"<p>O\u00a0desenvolvimento da for\u00e7a de trabalho para a inova\u00e7\u00e3o e o debate em propostas j\u00e1 em curso sobre efici\u00eancia energ\u00e9tica, tecnologias limpas e co-incuba\u00e7\u00e3o de empresas, ser\u00e3o os assuntos discutidos em Denver, nos Estados Unidos,\u00a0nos dias 9, 10 e 11 de setembro. Representantes dos governos e da comunidade acad\u00eamica e cientifica do Brasil e dos EUA [&hellip;]<\/p>\n","protected":false},"author":2,"featured_media":0,"comment_status":"open","ping_status":"open","sticky":false,"template":"","format":"standard","meta":{"tdm_status":"","tdm_grid_status":"","footnotes":""},"categories":[22],"tags":[],"class_list":{"0":"post-10993","1":"post","2":"type-post","3":"status-publish","4":"format-standard","6":"category-brasil"},"_links":{"self":[{"href":"https:\/\/migracao.redenoticia.com.br\/noticia\/wp-json\/wp\/v2\/posts\/10993","targetHints":{"allow":["GET"]}}],"collection":[{"href":"https:\/\/migracao.redenoticia.com.br\/noticia\/wp-json\/wp\/v2\/posts"}],"about":[{"href":"https:\/\/migracao.redenoticia.com.br\/noticia\/wp-json\/wp\/v2\/types\/post"}],"author":[{"embeddable":true,"href":"https:\/\/migracao.redenoticia.com.br\/noticia\/wp-json\/wp\/v2\/users\/2"}],"replies":[{"embeddable":true,"href":"https:\/\/migracao.redenoticia.com.br\/noticia\/wp-json\/wp\/v2\/comments?post=10993"}],"version-history":[{"count":0,"href":"https:\/\/migracao.redenoticia.com.br\/noticia\/wp-json\/wp\/v2\/posts\/10993\/revisions"}],"wp:attachment":[{"href":"https:\/\/migracao.redenoticia.com.br\/noticia\/wp-json\/wp\/v2\/media?parent=10993"}],"wp:term":[{"taxonomy":"category","embeddable":true,"href":"https:\/\/migracao.redenoticia.com.br\/noticia\/wp-json\/wp\/v2\/categories?post=10993"},{"taxonomy":"post_tag","embeddable":true,"href":"https:\/\/migracao.redenoticia.com.br\/noticia\/wp-json\/wp\/v2\/tags?post=10993"}],"curies":[{"name":"wp","href":"https:\/\/api.w.org\/{rel}","templated":true}]}}