{"id":109935,"date":"2017-03-28T00:22:07","date_gmt":"2017-03-28T03:22:07","guid":{"rendered":"http:\/\/www.redenoticia.com.br\/noticia\/?p=109935"},"modified":"2017-03-27T15:22:51","modified_gmt":"2017-03-27T18:22:51","slug":"rio-vacina-populacao-contra-febre-amarela-em-233-unidades-de-saude","status":"publish","type":"post","link":"https:\/\/migracao.redenoticia.com.br\/noticia\/2017\/rio-vacina-populacao-contra-febre-amarela-em-233-unidades-de-saude\/109935","title":{"rendered":"Rio vacina popula\u00e7\u00e3o contra febre amarela em 233 unidades de sa\u00fade"},"content":{"rendered":"<p> O munic\u00edpio do Rio de Janeiro come\u00e7ou a vacinar a popula\u00e7\u00e3o contra <strong><em>febre amarela<\/em><\/strong> em 233 unidades b\u00e1sicas de sa\u00fade. A medida \u00e9 preventiva e faz com que a vacina passe a fazer parte da rotina de imuniza\u00e7\u00e3o da cidade, que ainda n\u00e3o registrou casos da doen\u00e7a. <\/p>\n<p>A vacina\u00e7\u00e3o em 233 unidades de sa\u00fade foi antecipada no \u00faltimo s\u00e1bado na rede municipal do Rio de Janeiro. Segundo a Secretaria Municipal de Sa\u00fade, 213 mil pessoas foram imunizadas apenas no fim de semana, elevando para 400 mil o total de doses aplicadas desde o in\u00edcio do ano na cidade.<\/p>\n<p>A vacina\u00e7\u00e3o contra a febre amarela \u00e9 feita das 8h \u00e0s 17h nos dias de semana, e de 8h as 12h aos s\u00e1bados.<\/p>\n<p>A vacina n\u00e3o \u00e9 recomendada para gestantes, lactantes, crian\u00e7as de at\u00e9 6 meses e idosos com mais de 60 anos. Tamb\u00e9m n\u00e3o deve ser aplicada em pessoas com alergia a ovo, portadores de doen\u00e7as autoimunes, pessoas em terapias imunossupressoras, transplantados de medula \u00f3ssea, com hist\u00f3rico de doen\u00e7a do timo e com problemas neurol\u00f3gicos de natureza desmielizante, como S\u00edndrome de Guillain-Barr\u00e9 e ELA. <\/p>\n<p>Vin\u00edcius Lisboa &#8211; Rep\u00f3rter da Ag\u00eancia Brasil<br \/>\nEdi\u00e7\u00e3o: Val\u00e9ria Aguiar<br \/>\n28\/03\/2017<br \/>\n&#8212;<br \/>\nCriada em 2007 para fortalecer o sistema p\u00fablico de comunica\u00e7\u00e3o, a EBC \u00e9 gestora da TV Brasil, TV Brasil Internacional, Ag\u00eancia Brasil, Radioag\u00eancia Nacional e do sistema p\u00fablico de R\u00e1dio, composto por oito emissoras: R\u00e1dio Nacional AM do Rio de Janeiro (1.130 KHz), R\u00e1dio Nacional AM de Bras\u00edlia (980 KHz), Nacional FM de Bras\u00edlia (96,1 MHz), R\u00e1dio MEC AM do Rio de Janeiro (800 KHz), MEC FM do Rio de Janeiro (99,3 MHz), R\u00e1dio Nacional da Amaz\u00f4nia OC (11.780 KHz e 6.180 KHz), R\u00e1dio Nacional AM do Alto Solim\u00f5es (670 KHz) e R\u00e1dio Nacional FM do Alto Solim\u00f5es (96.1 MHz). Por sua independ\u00eancia editorial, os ve\u00edculos p\u00fablicos distinguem-se dos canais estatais ou governamentais. A rede de emissoras produz conte\u00fados diferenciados que a singulariza por espelhar de maneira mais fidedigna a complexidade cultural brasileira, ocupando um espa\u00e7o complementar, n\u00e3o preenchido pelos canais privados.<\/p>\n","protected":false},"excerpt":{"rendered":"<p>O munic\u00edpio do Rio de Janeiro come\u00e7ou a vacinar a popula\u00e7\u00e3o contra febre amarela em 233 unidades b\u00e1sicas de sa\u00fade. A medida \u00e9 preventiva e faz com que a vacina passe a fazer parte da rotina de imuniza\u00e7\u00e3o da cidade, que ainda n\u00e3o registrou casos da doen\u00e7a. A vacina\u00e7\u00e3o em 233 unidades de sa\u00fade foi [&hellip;]<\/p>\n","protected":false},"author":2,"featured_media":34747,"comment_status":"open","ping_status":"closed","sticky":false,"template":"","format":"standard","meta":{"tdm_status":"","tdm_grid_status":"","footnotes":""},"categories":[22,5],"tags":[],"class_list":{"0":"post-109935","1":"post","2":"type-post","3":"status-publish","4":"format-standard","5":"has-post-thumbnail","7":"category-brasil","8":"category-saude-e-vida"},"_links":{"self":[{"href":"https:\/\/migracao.redenoticia.com.br\/noticia\/wp-json\/wp\/v2\/posts\/109935","targetHints":{"allow":["GET"]}}],"collection":[{"href":"https:\/\/migracao.redenoticia.com.br\/noticia\/wp-json\/wp\/v2\/posts"}],"about":[{"href":"https:\/\/migracao.redenoticia.com.br\/noticia\/wp-json\/wp\/v2\/types\/post"}],"author":[{"embeddable":true,"href":"https:\/\/migracao.redenoticia.com.br\/noticia\/wp-json\/wp\/v2\/users\/2"}],"replies":[{"embeddable":true,"href":"https:\/\/migracao.redenoticia.com.br\/noticia\/wp-json\/wp\/v2\/comments?post=109935"}],"version-history":[{"count":0,"href":"https:\/\/migracao.redenoticia.com.br\/noticia\/wp-json\/wp\/v2\/posts\/109935\/revisions"}],"wp:featuredmedia":[{"embeddable":true,"href":"https:\/\/migracao.redenoticia.com.br\/noticia\/wp-json\/wp\/v2\/media\/34747"}],"wp:attachment":[{"href":"https:\/\/migracao.redenoticia.com.br\/noticia\/wp-json\/wp\/v2\/media?parent=109935"}],"wp:term":[{"taxonomy":"category","embeddable":true,"href":"https:\/\/migracao.redenoticia.com.br\/noticia\/wp-json\/wp\/v2\/categories?post=109935"},{"taxonomy":"post_tag","embeddable":true,"href":"https:\/\/migracao.redenoticia.com.br\/noticia\/wp-json\/wp\/v2\/tags?post=109935"}],"curies":[{"name":"wp","href":"https:\/\/api.w.org\/{rel}","templated":true}]}}