{"id":10996,"date":"2009-09-08T17:38:44","date_gmt":"2009-09-08T21:38:44","guid":{"rendered":"http:\/\/www.redenoticia.com.br\/noticia\/?p=10996"},"modified":"2009-09-08T17:38:44","modified_gmt":"2009-09-08T21:38:44","slug":"cfm-quer-proibir-venda-de-lente-sem-receita","status":"publish","type":"post","link":"https:\/\/migracao.redenoticia.com.br\/noticia\/2009\/cfm-quer-proibir-venda-de-lente-sem-receita\/10996","title":{"rendered":"CFM quer proibir venda de lente sem receita"},"content":{"rendered":"<p>Est\u00e1 em tr\u00e2mite na C\u00e2mara Federal parecer do CFM (Conselho Federal de Medicina) para que a indica\u00e7\u00e3o, adapta\u00e7\u00e3o e prescri\u00e7\u00e3o de lentes de contato sejam feitas exclusivamente por oftalmologistas. O CFM entende que o ato m\u00e9dico n\u00e3o se restringe \u00e0s lentes corretivas. Abrange tamb\u00e9m as cosm\u00e9ticas que s\u00e3o usadas para mudar a cor dos olhos. O objetivo \u00e9 reduzir complica\u00e7\u00f5es oculares causadas pela m\u00e1 adapta\u00e7\u00e3o e falta de informa\u00e7\u00e3o. S\u00f3 para se ter uma id\u00e9ia depois da populariza\u00e7\u00e3o das lentes na d\u00e9cada de 70, os casos de contamina\u00e7\u00e3o ocular por lentes de contato quintuplicaram no mundo. No Brasil n\u00e3o \u00e9 diferente. Um recente estudo realizado pelo oftalmologista do Instituto Penido Burnier, Le\u00f4ncio Queiroz Neto, mostra que 2 em cada 10 usu\u00e1rios t\u00eam complica\u00e7\u00f5es oculares causadas pelo uso incorreto de lentes. O uso abusivo responde por 45% das complica\u00e7\u00f5es, alergias por 35%, contamina\u00e7\u00e3o por manuten\u00e7\u00e3o e armazenamento inadequados por 20%.<\/p>\n<p>O m\u00e9dico estima que 1 em cada 4 adapta\u00e7\u00f5es no Pa\u00eds seja feita sem supervis\u00e3o m\u00e9dica e mais da metade \u00e9 de pessoas que querem trocar a cor dos olhos. Usar receita de \u00f3culos para ajustar lentes corretivas \u00e9 um erro, comenta, porque o tipo de lente depende do v\u00edcio de refra\u00e7\u00e3o. Al\u00e9m disso, como as lentes ficam justapostas \u00e0 c\u00f3rnea e os \u00f3culos a uma dist\u00e2ncia m\u00e9dia de 12 mil\u00edmetros, nos graus mais elevados de v\u00edcios de refra\u00e7\u00e3o \u00e9 necess\u00e1rio que o oftalmologista corrija esta diferen\u00e7a. Mesmo que a finalidade seja s\u00f3 est\u00e9tica precisa de supervis\u00e3o m\u00e9dica, alerta. Isso porque, a perfeita adapta\u00e7\u00e3o exige an\u00e1lise da curvatura e<strong> <\/strong>relevo da c\u00f3rnea, exame de\u00a0refra\u00e7\u00e3o,\u00a0avalia\u00e7\u00e3o\u00a0do filme lacrimal, fundoscopia,\u00a0al\u00e9m de utiliza\u00e7\u00e3o de lentes para teste.<\/p>\n<p><strong> <\/strong><\/p>\n<p><strong>DE LENTES PARA CADA ALTERA\u00c7\u00c3O OCULAR<\/strong><\/p>\n<p>Queiroz Neto explica que corre\u00e7\u00e3o da\u00a0miopia, hipermetropia ou presbiopia (vista cansada) \u00e9 feita com lentes gelatinosas esf\u00e9ricas, que apesar de se movimentarem nos olhos a cada piscada n\u00e3o prejudicam a acuidade visual. J\u00e1 o astigmatismo, por ser uma altera\u00e7\u00e3o na curvatura e relevo da c\u00f3rnea \u00e9 corrigido com lente r\u00edgida ou gelatinosa t\u00f3rica, cujo desenho interno de curvatura impede o movimento nos olhos.<\/p>\n<p>Independente do formato e material, observa, lentes mal adaptadas friccionam a superf\u00edcie da c\u00f3rnea, aumentando o risco de les\u00f5es e forma\u00e7\u00e3o de \u00falcera que representa grande risco de perda da vis\u00e3o. Por se tratar de uma pr\u00f3tese que fica em contato direto com a superf\u00edcie ocular, comenta, n\u00e3o pode ser usada por qualquer pessoa. A contra-indica\u00e7\u00e3o recai sobre portadores de olho seco, quem t\u00eam glaucoma ou propens\u00e3o a processos al\u00e9rgicos.<\/p>\n<p><strong> <\/strong><\/p>\n<p><strong>OS MAIORES VIL\u00d5ES DA CONTAMINA\u00c7\u00c3O<\/strong><\/p>\n<p>O especialista diz que o uso de lentes vencidas ou durante o sono, quando a produ\u00e7\u00e3o lacrimal tem uma redu\u00e7\u00e3o de 50%, s\u00e3o as causas mais frequentes de \u00falcera de c\u00f3rnea. Estas duas atitudes aumentam o risco de contamina\u00e7\u00e3o em 10 vezes por reduzirem a oxigena\u00e7\u00e3o da c\u00f3rnea. O perigo \u00e9 ainda maior no calor por conta da evapora\u00e7\u00e3o da l\u00e1grima e prolifera\u00e7\u00e3o de bact\u00e9rias no ar.<\/p>\n<p>O erro mais comum na manuten\u00e7\u00e3o de lentes, ressalta, \u00e9 enxaguar com soro fisiol\u00f3gico. Isso porque, soro n\u00e3o cont\u00e9m conservante e depois de aberto se torna um campo f\u00e9rtil para a multiplica\u00e7\u00e3o de bact\u00e9rias e fungos. Ao primeiro sinal de desconforto &#8211; olhos vermelhos, dor, sensibilidade \u00e0 luz, vis\u00e3o emba\u00e7ada e sensa\u00e7\u00e3o de corpo estranho \u2013 o especialista indica interrup\u00e7\u00e3o do uso e passar por consulta com um oftalmologista.<\/p>\n<p><strong> <\/strong><\/p>\n<p><strong>As principais recomenda\u00e7\u00f5es para usu\u00e1rios de lentes s\u00e3o:<\/strong><\/p>\n<p>Lavar cuidadosamente as m\u00e3os antes de manipular as lentes.<\/p>\n<p>Utilizar solu\u00e7\u00f5es multiuso tanto na limpeza quanto no enx\u00e1g\u00fce das lentes e estojo.<\/p>\n<p>Friccionar as lentes para eliminar completamente os dep\u00f3sitos<\/p>\n<p>N\u00e3o usar soro fisiol\u00f3gico ou \u00e1gua na higieniza\u00e7\u00e3o<\/p>\n<p>Retirar as lentes antes de remover a maquiagem e quando usar spray no cabelo<\/p>\n<p>Colocar as lentes sempre antes da maquiagem<\/p>\n<p>Guardar o estojo em ambiente seco e limpo<\/p>\n<p>Trocar o estojo a cada quatro meses<\/p>\n<p>Respeitar o prazo de validade das lentes<\/p>\n<p>Jamais dormir com lentes, mesmo as liberadas para uso noturno.<\/p>\n<p>Interromper o uso a qualquer desconforto ocular e procurar o oftalmologista<\/p>\n<p>Retirar as lentes durante viagens a\u00e9reas por mais de tr\u00eas horas<\/p>\n<p>N\u00e3o entrar no mar ou piscina usando lentes.<\/p>\n","protected":false},"excerpt":{"rendered":"<p>Est\u00e1 em tr\u00e2mite na C\u00e2mara Federal parecer do CFM (Conselho Federal de Medicina) para que a indica\u00e7\u00e3o, adapta\u00e7\u00e3o e prescri\u00e7\u00e3o de lentes de contato sejam feitas exclusivamente por oftalmologistas. O CFM entende que o ato m\u00e9dico n\u00e3o se restringe \u00e0s lentes corretivas. Abrange tamb\u00e9m as cosm\u00e9ticas que s\u00e3o usadas para mudar a cor dos olhos. [&hellip;]<\/p>\n","protected":false},"author":2,"featured_media":0,"comment_status":"open","ping_status":"open","sticky":false,"template":"","format":"standard","meta":{"tdm_status":"","tdm_grid_status":"","footnotes":""},"categories":[22,5],"tags":[],"class_list":{"0":"post-10996","1":"post","2":"type-post","3":"status-publish","4":"format-standard","6":"category-brasil","7":"category-saude-e-vida"},"_links":{"self":[{"href":"https:\/\/migracao.redenoticia.com.br\/noticia\/wp-json\/wp\/v2\/posts\/10996","targetHints":{"allow":["GET"]}}],"collection":[{"href":"https:\/\/migracao.redenoticia.com.br\/noticia\/wp-json\/wp\/v2\/posts"}],"about":[{"href":"https:\/\/migracao.redenoticia.com.br\/noticia\/wp-json\/wp\/v2\/types\/post"}],"author":[{"embeddable":true,"href":"https:\/\/migracao.redenoticia.com.br\/noticia\/wp-json\/wp\/v2\/users\/2"}],"replies":[{"embeddable":true,"href":"https:\/\/migracao.redenoticia.com.br\/noticia\/wp-json\/wp\/v2\/comments?post=10996"}],"version-history":[{"count":0,"href":"https:\/\/migracao.redenoticia.com.br\/noticia\/wp-json\/wp\/v2\/posts\/10996\/revisions"}],"wp:attachment":[{"href":"https:\/\/migracao.redenoticia.com.br\/noticia\/wp-json\/wp\/v2\/media?parent=10996"}],"wp:term":[{"taxonomy":"category","embeddable":true,"href":"https:\/\/migracao.redenoticia.com.br\/noticia\/wp-json\/wp\/v2\/categories?post=10996"},{"taxonomy":"post_tag","embeddable":true,"href":"https:\/\/migracao.redenoticia.com.br\/noticia\/wp-json\/wp\/v2\/tags?post=10996"}],"curies":[{"name":"wp","href":"https:\/\/api.w.org\/{rel}","templated":true}]}}