{"id":110078,"date":"2020-04-30T11:22:40","date_gmt":"2020-04-30T14:22:40","guid":{"rendered":"http:\/\/www.redenoticia.com.br\/noticia\/?p=110078"},"modified":"2020-04-30T12:23:05","modified_gmt":"2020-04-30T15:23:05","slug":"sinopse-malhacao-viva-a-diferenca-a-historia-de-lica-ellen-tina-bene-e-keyla","status":"publish","type":"post","link":"https:\/\/migracao.redenoticia.com.br\/noticia\/2020\/sinopse-malhacao-viva-a-diferenca-a-historia-de-lica-ellen-tina-bene-e-keyla\/110078","title":{"rendered":"Sinopse \u201cMalha\u00e7\u00e3o\u201d Viva a Diferen\u00e7a: a hist\u00f3ria de Lica, Ellen, Tina, Ben\u00ea e Keyla"},"content":{"rendered":"<p><img loading=\"lazy\" decoding=\"async\" src=\"https:\/\/migracao.redenoticia.com.br\/noticia\/imagens\/malhacao-viva-diferenca-logo-300x300.jpg\" alt=\"\" width=\"300\" height=\"300\" class=\"aligncenter size-large wp-image-190254\" srcset=\"https:\/\/migracao.redenoticia.com.br\/noticia\/imagens\/malhacao-viva-diferenca-logo-300x300.jpg 300w, https:\/\/migracao.redenoticia.com.br\/noticia\/imagens\/malhacao-viva-diferenca-logo-187x187.jpg 187w, https:\/\/migracao.redenoticia.com.br\/noticia\/imagens\/malhacao-viva-diferenca-logo-150x150.jpg 150w, https:\/\/migracao.redenoticia.com.br\/noticia\/imagens\/malhacao-viva-diferenca-logo-140x140.jpg 140w, https:\/\/migracao.redenoticia.com.br\/noticia\/imagens\/malhacao-viva-diferenca-logo-85x85.jpg 85w, https:\/\/migracao.redenoticia.com.br\/noticia\/imagens\/malhacao-viva-diferenca-logo.jpg 500w\" sizes=\"auto, (max-width: 300px) 100vw, 300px\" \/> <strong><em>Sinopse \u201cMalha\u00e7\u00e3o\u201d Viva a Diferen\u00e7a<\/em><\/strong>: a nova fase ter\u00e1 S\u00e3o Paulo como palco da hist\u00f3ria de amizade entre cinco garotas, que nasce a partir de uma experi\u00eancia \u00fanica e inesquec\u00edvel. \u00c9 durante uma pane no metr\u00f4 que Lica (Manoela Aliperti), rica e de estilo alternativo, Ellen (Heslaine Vieira), uma hacker da periferia, Tina (Ana Hikari), uma rebelde artista sansei, Ben\u00ea (Daphne Bozaski), uma menina t\u00edmida que quer muito ter amigas e Keyla (Gabi Medvedovski), uma m\u00e3e adolescente, se conhecem.<\/p>\n<p>Not\u00edcia relacionada &#8211; <\/p>\n<p>Keila entra em trabalho de parto enquanto est\u00e1 presa no metr\u00f4, e as outras meninas se unem para ajud\u00e1-la. O nascimento da crian\u00e7a marca o v\u00ednculo entre as cinco, que possuem viv\u00eancias e personalidades distintas. Malha\u00e7\u00e3o &#8211; Viva a Diferen\u00e7a acompanha a vida dessas garotas, que v\u00e3o descobrir juntas como pode ser enriquecedor viver, confrontar e celebrar suas diferen\u00e7as.<\/p>\n<p>A nova fase \u00e9 concebida por Cao Hamburger e dirigida por Paulo Silvestrini. \u201cS\u00e3o Paulo \u00e9 uma cidade muito diversa e heterog\u00eanea e a gente v\u00ea essa pluralidade ocupar os mesmos ambientes. Esses diversos universos interagem, conversam, dialogam, e aqui, no Ibirapuera, vemos um exemplo disso\u201d, explicou o diretor nas primeiras grava\u00e7\u00f5es da trama teen. Al\u00e9m do Parque Ibirapuera, o bairro da Liberdade, a Galeria do Rock, o Largo do Paissandu e o metr\u00f4 tamb\u00e9m servem de cen\u00e1rio para a temporada. <\/p>\n<p>Fonte: Rede Globo \u201cMalha\u00e7\u00e3o\u201d Viva a Diferen\u00e7a<\/p>\n","protected":false},"excerpt":{"rendered":"<p>Sinopse \u201cMalha\u00e7\u00e3o\u201d Viva a Diferen\u00e7a: a nova fase ter\u00e1 S\u00e3o Paulo como palco da hist\u00f3ria de amizade entre cinco garotas, que nasce a partir de uma experi\u00eancia \u00fanica e inesquec\u00edvel. \u00c9 durante uma pane no metr\u00f4 que Lica (Manoela Aliperti), rica e de estilo alternativo, Ellen (Heslaine Vieira), uma hacker da periferia, Tina (Ana Hikari), [&hellip;]<\/p>\n","protected":false},"author":2,"featured_media":190255,"comment_status":"open","ping_status":"closed","sticky":false,"template":"","format":"standard","meta":{"tdm_status":"","tdm_grid_status":"","footnotes":""},"categories":[379,375,343],"tags":[523],"class_list":{"0":"post-110078","1":"post","2":"type-post","3":"status-publish","4":"format-standard","5":"has-post-thumbnail","7":"category-novelas","8":"category-rede-globo","9":"category-televisao","10":"tag-variedades"},"_links":{"self":[{"href":"https:\/\/migracao.redenoticia.com.br\/noticia\/wp-json\/wp\/v2\/posts\/110078","targetHints":{"allow":["GET"]}}],"collection":[{"href":"https:\/\/migracao.redenoticia.com.br\/noticia\/wp-json\/wp\/v2\/posts"}],"about":[{"href":"https:\/\/migracao.redenoticia.com.br\/noticia\/wp-json\/wp\/v2\/types\/post"}],"author":[{"embeddable":true,"href":"https:\/\/migracao.redenoticia.com.br\/noticia\/wp-json\/wp\/v2\/users\/2"}],"replies":[{"embeddable":true,"href":"https:\/\/migracao.redenoticia.com.br\/noticia\/wp-json\/wp\/v2\/comments?post=110078"}],"version-history":[{"count":0,"href":"https:\/\/migracao.redenoticia.com.br\/noticia\/wp-json\/wp\/v2\/posts\/110078\/revisions"}],"wp:featuredmedia":[{"embeddable":true,"href":"https:\/\/migracao.redenoticia.com.br\/noticia\/wp-json\/wp\/v2\/media\/190255"}],"wp:attachment":[{"href":"https:\/\/migracao.redenoticia.com.br\/noticia\/wp-json\/wp\/v2\/media?parent=110078"}],"wp:term":[{"taxonomy":"category","embeddable":true,"href":"https:\/\/migracao.redenoticia.com.br\/noticia\/wp-json\/wp\/v2\/categories?post=110078"},{"taxonomy":"post_tag","embeddable":true,"href":"https:\/\/migracao.redenoticia.com.br\/noticia\/wp-json\/wp\/v2\/tags?post=110078"}],"curies":[{"name":"wp","href":"https:\/\/api.w.org\/{rel}","templated":true}]}}