{"id":1101,"date":"2009-05-01T14:55:05","date_gmt":"2009-05-01T18:55:05","guid":{"rendered":"http:\/\/www.redenoticia.com.br\/noticia\/?p=1101"},"modified":"2009-05-01T14:55:05","modified_gmt":"2009-05-01T18:55:05","slug":"david-beckham-vai-desenhar-roupas-para-a-adidas","status":"publish","type":"post","link":"https:\/\/migracao.redenoticia.com.br\/noticia\/2009\/david-beckham-vai-desenhar-roupas-para-a-adidas\/1101","title":{"rendered":"David Beckham vai desenhar roupas para a Adidas"},"content":{"rendered":"<p class=\"MsoNormal\"><strong><\/strong><span style=\"font-family: Arial;\">O jogador David Beckham vai entrar no mundo da moda a exemplo de sua mulher, a ex-Spice Girl Victoria. <\/span><\/p>\n<p class=\"MsoNormal\"><span style=\"font-family: Arial;\">Beckham foi convidado para desenhar sua pr\u00f3pria linha de roupas para a cole\u00e7\u00e3o outono\/inverno da marca Adidas. Os designers Jeremy Scott e Kazuki, que criaram pe\u00e7as para a cole\u00e7\u00e3o de primavera da grife, colaboraram com o jogador.<\/span><\/p>\n<p class=\"MsoNormal\"><span style=\"font-family: Arial;\">O objetivo da cole\u00e7\u00e3o \u00e9 atualizar as roupas de esportes cl\u00e1ssicas com silhuetas diferentes e v\u00e1rios detalhes. Os produtos ser\u00e3o confeccionados com materiais como couro, cashmere e seda. J\u00e1 os sapatos ter\u00e3o inspira\u00e7\u00e3o em t\u00eanis cl\u00e1ssicos da marca.<\/span><\/p>\n<p class=\"MsoNormal\"><span style=\"font-family: Arial;\">Para tristeza das f\u00e3s, Beckham n\u00e3o pretende posar para a campanha publicit\u00e1ria da cole\u00e7\u00e3o.Segundo nota do site WWD, ele vai apenas participar do processo criativo.<\/span><\/p>\n<p class=\"MsoNormal\"><span style=\"font-family: Arial;\" lang=\"PT\">News Free<\/span><span style=\"font-family: Arial;\"><\/span><\/p>\n","protected":false},"excerpt":{"rendered":"<p>O jogador David Beckham vai entrar no mundo da moda a exemplo de sua mulher, a ex-Spice Girl Victoria. Beckham foi convidado para desenhar sua pr\u00f3pria linha de roupas para a cole\u00e7\u00e3o outono\/inverno da marca Adidas. Os designers Jeremy Scott e Kazuki, que criaram pe\u00e7as para a cole\u00e7\u00e3o de primavera da grife, colaboraram com o [&hellip;]<\/p>\n","protected":false},"author":3,"featured_media":0,"comment_status":"open","ping_status":"open","sticky":false,"template":"","format":"standard","meta":{"tdm_status":"","tdm_grid_status":"","footnotes":""},"categories":[22],"tags":[],"class_list":{"0":"post-1101","1":"post","2":"type-post","3":"status-publish","4":"format-standard","6":"category-brasil"},"_links":{"self":[{"href":"https:\/\/migracao.redenoticia.com.br\/noticia\/wp-json\/wp\/v2\/posts\/1101","targetHints":{"allow":["GET"]}}],"collection":[{"href":"https:\/\/migracao.redenoticia.com.br\/noticia\/wp-json\/wp\/v2\/posts"}],"about":[{"href":"https:\/\/migracao.redenoticia.com.br\/noticia\/wp-json\/wp\/v2\/types\/post"}],"author":[{"embeddable":true,"href":"https:\/\/migracao.redenoticia.com.br\/noticia\/wp-json\/wp\/v2\/users\/3"}],"replies":[{"embeddable":true,"href":"https:\/\/migracao.redenoticia.com.br\/noticia\/wp-json\/wp\/v2\/comments?post=1101"}],"version-history":[{"count":0,"href":"https:\/\/migracao.redenoticia.com.br\/noticia\/wp-json\/wp\/v2\/posts\/1101\/revisions"}],"wp:attachment":[{"href":"https:\/\/migracao.redenoticia.com.br\/noticia\/wp-json\/wp\/v2\/media?parent=1101"}],"wp:term":[{"taxonomy":"category","embeddable":true,"href":"https:\/\/migracao.redenoticia.com.br\/noticia\/wp-json\/wp\/v2\/categories?post=1101"},{"taxonomy":"post_tag","embeddable":true,"href":"https:\/\/migracao.redenoticia.com.br\/noticia\/wp-json\/wp\/v2\/tags?post=1101"}],"curies":[{"name":"wp","href":"https:\/\/api.w.org\/{rel}","templated":true}]}}