{"id":11011,"date":"2009-09-08T17:51:28","date_gmt":"2009-09-08T21:51:28","guid":{"rendered":"http:\/\/www.redenoticia.com.br\/noticia\/?p=11011"},"modified":"2009-09-08T18:26:51","modified_gmt":"2009-09-08T22:26:51","slug":"relacao-sexual-com-quem-tem-menos-de-14-anos-preve-pena-de-ate-15-anos-de-reclusao","status":"publish","type":"post","link":"https:\/\/migracao.redenoticia.com.br\/noticia\/2009\/relacao-sexual-com-quem-tem-menos-de-14-anos-preve-pena-de-ate-15-anos-de-reclusao\/11011","title":{"rendered":"Rela\u00e7\u00e3o sexual com quem tem menos de 14 anos prev\u00ea pena de at\u00e9 15 anos de reclus\u00e3o"},"content":{"rendered":"<p>Acaba de ser lan\u00e7ado o primeiro livro com coment\u00e1rios sobre todas as mudan\u00e7as legislativas na \u00e1rea criminal, ocorridas este ano. De autoria dos juristas Luiz Fl\u00e1vio Gomes,\u00a0Rog\u00e9rio Sanches Cunha e\u00a0Val\u00e9rio de Oliveira Mazzuoli,<em> <\/em><em>Coment\u00e1rios \u00e0 Reforma Criminal de 2009 e \u00e0 Conven\u00e7\u00e3o de Viena sobre o Direito dos Tratados<\/em><em> <\/em>\u00e9 o mais completo guia para profissionais do Direito e para os interessados no assunto.<\/p>\n<p>Luiz Fl\u00e1vio Gomes, diretor-presidente da Rede de Ensino LFG, explica que as mudan\u00e7as foram significativas. \u201cAgora, por exemplo, o delito de estupro pode tamb\u00e9m ter o homem como v\u00edtima, e n\u00e3o somente a mulher, como era antes. Outra mudan\u00e7a pro\u00edbe a rela\u00e7\u00e3o sexual entre adolescentes menores de 14 anos (prevista na Lei 12.015\/09). Sendo dois jovens de 13 anos, o ato \u00e9 considerado crime e os adolescentes podem responder san\u00e7\u00f5es do Estatuto da Crian\u00e7a e do Adolescente (ECA)\u201d, avalia Luiz Fl\u00e1vio Gomes, doutor em Direito Penal pela Universidade Complutense de Madri e mestre em Direito Penal pela Universidade de S\u00e3o Paulo.<\/p>\n<p>A obra de atualiza\u00e7\u00e3o legislativa aborda tamb\u00e9m altera\u00e7\u00f5es na lei de ado\u00e7\u00e3o (Lei 12.010\/09), que limita em dois anos o tempo para uma crian\u00e7a ficar em abrigos, e a redu\u00e7\u00e3o da idade m\u00ednima para ado\u00e7\u00e3o de 21 para 18 anos. A adequa\u00e7\u00e3o do sequestro rel\u00e2mpago \u00e9 outra altera\u00e7\u00e3o penal (Lei 11.903\/09).<\/p>\n<p>A obra lan\u00e7ada \u00e9 tamb\u00e9m a \u00fanica a comentar a Conven\u00e7\u00e3o de Viena, criada em 1969, na \u00c1ustria, com inten\u00e7\u00e3o de solucionar conflitos e estabelecer obriga\u00e7\u00f5es relativas aos tratados internacionais.<\/p>\n<p><em>Coment\u00e1rios \u00e0 Reforma Criminal de 2009 e \u00e0 Conven\u00e7\u00e3o de Viena sobre o Direito dos Tratados<\/em><\/p>\n<p><strong>Autores:<\/strong><strong> <\/strong>Luiz Fl\u00e1vio Gomes,\u00a0Rog\u00e9rio Sanches Cunha e Valerio de Oliveira Mazzuoli<\/p>\n<p><strong>Editora:<\/strong> Revista dos Tribunais<br \/>\n<strong>P\u00e1ginas:<\/strong> 238<br \/>\n<strong>Pre\u00e7o:<\/strong> R$ 32,00<\/p>\n","protected":false},"excerpt":{"rendered":"<p>Acaba de ser lan\u00e7ado o primeiro livro com coment\u00e1rios sobre todas as mudan\u00e7as legislativas na \u00e1rea criminal, ocorridas este ano. De autoria dos juristas Luiz Fl\u00e1vio Gomes,\u00a0Rog\u00e9rio Sanches Cunha e\u00a0Val\u00e9rio de Oliveira Mazzuoli, Coment\u00e1rios \u00e0 Reforma Criminal de 2009 e \u00e0 Conven\u00e7\u00e3o de Viena sobre o Direito dos Tratados \u00e9 o mais completo guia para [&hellip;]<\/p>\n","protected":false},"author":2,"featured_media":0,"comment_status":"open","ping_status":"open","sticky":false,"template":"","format":"standard","meta":{"tdm_status":"","tdm_grid_status":"","footnotes":""},"categories":[22],"tags":[],"class_list":{"0":"post-11011","1":"post","2":"type-post","3":"status-publish","4":"format-standard","6":"category-brasil"},"_links":{"self":[{"href":"https:\/\/migracao.redenoticia.com.br\/noticia\/wp-json\/wp\/v2\/posts\/11011","targetHints":{"allow":["GET"]}}],"collection":[{"href":"https:\/\/migracao.redenoticia.com.br\/noticia\/wp-json\/wp\/v2\/posts"}],"about":[{"href":"https:\/\/migracao.redenoticia.com.br\/noticia\/wp-json\/wp\/v2\/types\/post"}],"author":[{"embeddable":true,"href":"https:\/\/migracao.redenoticia.com.br\/noticia\/wp-json\/wp\/v2\/users\/2"}],"replies":[{"embeddable":true,"href":"https:\/\/migracao.redenoticia.com.br\/noticia\/wp-json\/wp\/v2\/comments?post=11011"}],"version-history":[{"count":0,"href":"https:\/\/migracao.redenoticia.com.br\/noticia\/wp-json\/wp\/v2\/posts\/11011\/revisions"}],"wp:attachment":[{"href":"https:\/\/migracao.redenoticia.com.br\/noticia\/wp-json\/wp\/v2\/media?parent=11011"}],"wp:term":[{"taxonomy":"category","embeddable":true,"href":"https:\/\/migracao.redenoticia.com.br\/noticia\/wp-json\/wp\/v2\/categories?post=11011"},{"taxonomy":"post_tag","embeddable":true,"href":"https:\/\/migracao.redenoticia.com.br\/noticia\/wp-json\/wp\/v2\/tags?post=11011"}],"curies":[{"name":"wp","href":"https:\/\/api.w.org\/{rel}","templated":true}]}}