{"id":110138,"date":"2017-03-30T00:04:20","date_gmt":"2017-03-30T03:04:20","guid":{"rendered":"http:\/\/www.redenoticia.com.br\/noticia\/?p=110138"},"modified":"2017-03-29T16:39:30","modified_gmt":"2017-03-29T19:39:30","slug":"pos-graduacao-em-gestao-estrategica-da-inovacao-tecnologica-na-ufscar","status":"publish","type":"post","link":"https:\/\/migracao.redenoticia.com.br\/noticia\/2017\/pos-graduacao-em-gestao-estrategica-da-inovacao-tecnologica-na-ufscar\/110138","title":{"rendered":"P\u00f3s-gradua\u00e7\u00e3o em Gest\u00e3o Estrat\u00e9gica da Inova\u00e7\u00e3o Tecnol\u00f3gica na UFSCar"},"content":{"rendered":"<p> Ag\u00eancia FAPESP \u2013 A Universidade Federal de S\u00e3o Carlos (UFSCar) abriu inscri\u00e7\u00f5es para o <em><strong>Curso de Especializa\u00e7\u00e3o em Gest\u00e3o Estrat\u00e9gica da Inova\u00e7\u00e3o Tecnol\u00f3gica<\/strong><\/em> (MBA GEITec), que tem como objetivo capacitar profissionais para a gest\u00e3o das inova\u00e7\u00f5es dentro das empresas ou mesmo para iniciar uma startup. A partir de um m\u00e9todo pedag\u00f3gico que equilibra aulas te\u00f3ricas e pr\u00e1ticas, atividades individuais e em grupo, o curso aborda os temas ligados \u00e0 inova\u00e7\u00e3o, capacitando o aluno a lidar com os desafios das empresas contempor\u00e2neas.<\/p>\n<p>Ao longo do curso, os p\u00f3s-graduandos trabalham na resolu\u00e7\u00e3o de problemas reais relacionados \u00e0s quest\u00f5es que preocupam a ind\u00fastria brasileira como a globaliza\u00e7\u00e3o, crises econ\u00f4micas e transforma\u00e7\u00f5es no mercado de trabalho. A grade curricular inclui tamb\u00e9m disciplinas como &#8220;Empreendedorismo e Cria\u00e7\u00e3o de Novos Neg\u00f3cios&#8221;, &#8220;Lideran\u00e7a e Rela\u00e7\u00e3o Interpessoal&#8221;, &#8220;Intelig\u00eancia Competitiva&#8221; e &#8220;Sustentabilidade&#8221;, dentre outras.<\/p>\n<p>O corpo docente \u00e9 formado por professores da pr\u00f3pria UFSCar, da Universidade de S\u00e3o Paulo (USP) e da Universidade Federal de Santa Catarina (UFSC), al\u00e9m de executivos, gestores e empreendedores que vivenciam a inova\u00e7\u00e3o diariamente.<\/p>\n<p>O curso \u00e9 destinado \u00e0s pessoas que j\u00e1 ocupam ou estejam se preparando para ocupar fun\u00e7\u00f5es relacionadas \u00e0 gest\u00e3o da inova\u00e7\u00e3o em empresas, organiza\u00e7\u00f5es p\u00fablicas, privadas ou do terceiro setor ou \u00e0quelas que trabalham ou pretendam trabalhar em neg\u00f3cio pr\u00f3prio de base tecnol\u00f3gica.<\/p>\n<p>O MBA GEITec tem dura\u00e7\u00e3o de 24 meses, com as aulas presenciais ocorrendo quinzenalmente, aos s\u00e1bados, no Complexo de Inova\u00e7\u00e3o, localizado a 12 km do Campus Sorocaba da UFSCar.<\/p>\n<p>Os interessados, que j\u00e1 devem ser graduados, podem se inscrever por meio do site .<\/p>\n<p>Outras informa\u00e7\u00f5es podem ser obtidas pelo e-mail contato@geitec.com.br ou telefone (15) 3229-6003.<\/p>\n","protected":false},"excerpt":{"rendered":"<p>Ag\u00eancia FAPESP \u2013 A Universidade Federal de S\u00e3o Carlos (UFSCar) abriu inscri\u00e7\u00f5es para o Curso de Especializa\u00e7\u00e3o em Gest\u00e3o Estrat\u00e9gica da Inova\u00e7\u00e3o Tecnol\u00f3gica (MBA GEITec), que tem como objetivo capacitar profissionais para a gest\u00e3o das inova\u00e7\u00f5es dentro das empresas ou mesmo para iniciar uma startup. A partir de um m\u00e9todo pedag\u00f3gico que equilibra aulas te\u00f3ricas [&hellip;]<\/p>\n","protected":false},"author":2,"featured_media":36246,"comment_status":"open","ping_status":"closed","sticky":false,"template":"","format":"standard","meta":{"tdm_status":"","tdm_grid_status":"","footnotes":""},"categories":[22,351,370],"tags":[],"class_list":{"0":"post-110138","1":"post","2":"type-post","3":"status-publish","4":"format-standard","5":"has-post-thumbnail","7":"category-brasil","8":"category-cursos","9":"category-inscricao"},"_links":{"self":[{"href":"https:\/\/migracao.redenoticia.com.br\/noticia\/wp-json\/wp\/v2\/posts\/110138","targetHints":{"allow":["GET"]}}],"collection":[{"href":"https:\/\/migracao.redenoticia.com.br\/noticia\/wp-json\/wp\/v2\/posts"}],"about":[{"href":"https:\/\/migracao.redenoticia.com.br\/noticia\/wp-json\/wp\/v2\/types\/post"}],"author":[{"embeddable":true,"href":"https:\/\/migracao.redenoticia.com.br\/noticia\/wp-json\/wp\/v2\/users\/2"}],"replies":[{"embeddable":true,"href":"https:\/\/migracao.redenoticia.com.br\/noticia\/wp-json\/wp\/v2\/comments?post=110138"}],"version-history":[{"count":0,"href":"https:\/\/migracao.redenoticia.com.br\/noticia\/wp-json\/wp\/v2\/posts\/110138\/revisions"}],"wp:featuredmedia":[{"embeddable":true,"href":"https:\/\/migracao.redenoticia.com.br\/noticia\/wp-json\/wp\/v2\/media\/36246"}],"wp:attachment":[{"href":"https:\/\/migracao.redenoticia.com.br\/noticia\/wp-json\/wp\/v2\/media?parent=110138"}],"wp:term":[{"taxonomy":"category","embeddable":true,"href":"https:\/\/migracao.redenoticia.com.br\/noticia\/wp-json\/wp\/v2\/categories?post=110138"},{"taxonomy":"post_tag","embeddable":true,"href":"https:\/\/migracao.redenoticia.com.br\/noticia\/wp-json\/wp\/v2\/tags?post=110138"}],"curies":[{"name":"wp","href":"https:\/\/api.w.org\/{rel}","templated":true}]}}