{"id":110143,"date":"2017-03-30T00:10:38","date_gmt":"2017-03-30T03:10:38","guid":{"rendered":"http:\/\/www.redenoticia.com.br\/noticia\/?p=110143"},"modified":"2017-03-29T16:31:34","modified_gmt":"2017-03-29T19:31:34","slug":"sp-escola-de-teatro-recebe-inscricoes-para-cursos-regulares","status":"publish","type":"post","link":"https:\/\/migracao.redenoticia.com.br\/noticia\/2017\/sp-escola-de-teatro-recebe-inscricoes-para-cursos-regulares\/110143","title":{"rendered":"SP Escola de Teatro recebe inscri\u00e7\u00f5es para cursos regulares"},"content":{"rendered":"<p> A <em><strong>SP Escola de Teatro<\/strong><\/em> est\u00e1 com\u00a0inscri\u00e7\u00f5es abertas para o Processo Seletivo das turmas do segundo semestre de 2017. S\u00e3o 67 vagas distribu\u00eddas em oito cursos regulares, nos turnos matutino e vespertino. As inscri\u00e7\u00f5es podem ser feitas at\u00e9 o dia 17 de abril, somente pela\u00a0. <\/p>\n<p>Para concorrer a uma das vagas, o candidato precisa ter no m\u00ednimo 18 anos (completados at\u00e9 agosto de 2017) e conclu\u00eddo o ensino m\u00e9dio. A sele\u00e7\u00e3o tamb\u00e9m \u00e9 aberta a estrangeiros, desde que tenham passaporte e morem no Brasil de forma absolutamente legal.\u00a0<\/p>\n<p>A inscri\u00e7\u00e3o requer o pagamento de uma taxa no valor de R$ 60. No entanto, candidatos que estejam regularmente matriculados no ensino m\u00e9dio ou equivalente, em curso pr\u00e9?vestibular ou em curso superior (gradua\u00e7\u00e3o ou p\u00f3s?gradua\u00e7\u00e3o) e comprove baixa renda, podem solicitar redu\u00e7\u00e3o ou isen\u00e7\u00e3o do pagamento.<\/p>\n<p>Vencedora do Pr\u00eamio Shell 2016 na categoria Inova\u00e7\u00e3o \u2013 por ser uma das principais institui\u00e7\u00f5es brasileiras de forma\u00e7\u00e3o em Artes C\u00eanicas \u2013, a Escola oferece cursos nas \u00e1reas de Atua\u00e7\u00e3o, Cenografia e Figurino, Dire\u00e7\u00e3o, Dramaturgia, Humor, Ilumina\u00e7\u00e3o, Sonoplastia e T\u00e9cnicas do Palco. As turmas se dividem entre as sedes Br\u00e1s e Roosevelt, de acordo com os cronogramas de aulas.<\/p>\n<p>Processo Seletivo<\/p>\n<p>A avalia\u00e7\u00e3o\u00a0\u00e9 composto por duas etapas. A primeira delas \u00e9 uma entrevista sobre\u00a0a disponibilidade e o interesse do candidato para as proposi\u00e7\u00f5es art\u00edsticas e pedag\u00f3gicas da institui\u00e7\u00e3o. Em seguida, o interessado faz uma reda\u00e7\u00e3o.<\/p>\n<p>As entrevistas t\u00eam datas previstas para acontecer entre 2 e 6 de maio; e a reda\u00e7\u00e3o deve ocorrer no dia 7 de maio. Essa primeira etapa tem car\u00e1ter eliminat\u00f3rio e classificat\u00f3rio. Ser\u00e3o aprovados os candidatos que obtiverem m\u00e9dia igual ou superior a 5, de acordo com o n\u00famero de vagas do curso regular pretendido).<\/p>\n<p>Os aprovados seguem, ent\u00e3o, para o segundo momento, previsto para ocorrer entre os dias 30 de maio e 3 de junho. Esta etapa tem uma s\u00e9rie de provas pr\u00e1ticas espec\u00edficas para cada curso.<\/p>\n<p>O resultado final do Processo Seletivo 2\/2017 ser\u00e1 divulgado no dia 20 de junho, na recep\u00e7\u00e3o da SP Escola de Teatro e no\u00a0. O per\u00edodo de matr\u00edcula dos aprovados ser\u00e1 nos dias 22 e 23 de junho, pela Internet.<\/p>\n<p>Do Portal do Governo SP<\/p>\n","protected":false},"excerpt":{"rendered":"<p>A SP Escola de Teatro est\u00e1 com\u00a0inscri\u00e7\u00f5es abertas para o Processo Seletivo das turmas do segundo semestre de 2017. S\u00e3o 67 vagas distribu\u00eddas em oito cursos regulares, nos turnos matutino e vespertino. As inscri\u00e7\u00f5es podem ser feitas at\u00e9 o dia 17 de abril, somente pela\u00a0. Para concorrer a uma das vagas, o candidato precisa ter [&hellip;]<\/p>\n","protected":false},"author":2,"featured_media":28951,"comment_status":"open","ping_status":"closed","sticky":false,"template":"","format":"standard","meta":{"tdm_status":"","tdm_grid_status":"","footnotes":""},"categories":[22,351,370],"tags":[],"class_list":{"0":"post-110143","1":"post","2":"type-post","3":"status-publish","4":"format-standard","5":"has-post-thumbnail","7":"category-brasil","8":"category-cursos","9":"category-inscricao"},"_links":{"self":[{"href":"https:\/\/migracao.redenoticia.com.br\/noticia\/wp-json\/wp\/v2\/posts\/110143","targetHints":{"allow":["GET"]}}],"collection":[{"href":"https:\/\/migracao.redenoticia.com.br\/noticia\/wp-json\/wp\/v2\/posts"}],"about":[{"href":"https:\/\/migracao.redenoticia.com.br\/noticia\/wp-json\/wp\/v2\/types\/post"}],"author":[{"embeddable":true,"href":"https:\/\/migracao.redenoticia.com.br\/noticia\/wp-json\/wp\/v2\/users\/2"}],"replies":[{"embeddable":true,"href":"https:\/\/migracao.redenoticia.com.br\/noticia\/wp-json\/wp\/v2\/comments?post=110143"}],"version-history":[{"count":0,"href":"https:\/\/migracao.redenoticia.com.br\/noticia\/wp-json\/wp\/v2\/posts\/110143\/revisions"}],"wp:featuredmedia":[{"embeddable":true,"href":"https:\/\/migracao.redenoticia.com.br\/noticia\/wp-json\/wp\/v2\/media\/28951"}],"wp:attachment":[{"href":"https:\/\/migracao.redenoticia.com.br\/noticia\/wp-json\/wp\/v2\/media?parent=110143"}],"wp:term":[{"taxonomy":"category","embeddable":true,"href":"https:\/\/migracao.redenoticia.com.br\/noticia\/wp-json\/wp\/v2\/categories?post=110143"},{"taxonomy":"post_tag","embeddable":true,"href":"https:\/\/migracao.redenoticia.com.br\/noticia\/wp-json\/wp\/v2\/tags?post=110143"}],"curies":[{"name":"wp","href":"https:\/\/api.w.org\/{rel}","templated":true}]}}