{"id":110232,"date":"2017-03-31T00:11:29","date_gmt":"2017-03-31T03:11:29","guid":{"rendered":"http:\/\/www.redenoticia.com.br\/noticia\/?p=110232"},"modified":"2017-03-30T16:42:59","modified_gmt":"2017-03-30T19:42:59","slug":"procon-sp-tem-curso-basico-para-fornecedores-em-abril","status":"publish","type":"post","link":"https:\/\/migracao.redenoticia.com.br\/noticia\/2017\/procon-sp-tem-curso-basico-para-fornecedores-em-abril\/110232","title":{"rendered":"Procon-SP tem curso b\u00e1sico para fornecedores em abril"},"content":{"rendered":"<p> Os fornecedores de produtos e servi\u00e7os que quiserem aprender mais sobre os <strong><em>direitos do consumidor<\/em><\/strong> poder\u00e3o fazer um curso b\u00e1sico do tema oferecido pela Funda\u00e7\u00e3o Procon-SP. As inscri\u00e7\u00f5es devem ser feitas at\u00e9 o dia 4 de abril. Aulas ser\u00e3o ministrado no dia 12 de abril. <\/p>\n<p>O objetivo do curso \u00e9 apresentar elementos presentes no C\u00f3digo de Defesa do Consumidor, ilustrados com exemplos dos problemas mais frequentes atendidos pela Funda\u00e7\u00e3o, que contemplam tanto os direitos quanto os deveres de ambas as partes, visando \u00e0 educa\u00e7\u00e3o para o consumo e \u00e0 harmoniza\u00e7\u00e3o das rela\u00e7\u00f5es de consumo. <\/p>\n<p>SERVI\u00c7O<br \/>\nCurso B\u00e1sico para Fornecedores no Procon-SP<br \/>\nQuarta-feira, 12 de abril, das 09h \u00e0s 16h<br \/>\nRua Barra Funda, 930 \u2013 1\u00ba andar \u2013 sala 111 \u2013 Barra Funda \u2013 S\u00e3o Paulo<\/p>\n<p>Do Portal do Governo SP<\/p>\n","protected":false},"excerpt":{"rendered":"<p>Os fornecedores de produtos e servi\u00e7os que quiserem aprender mais sobre os direitos do consumidor poder\u00e3o fazer um curso b\u00e1sico do tema oferecido pela Funda\u00e7\u00e3o Procon-SP. As inscri\u00e7\u00f5es devem ser feitas at\u00e9 o dia 4 de abril. Aulas ser\u00e3o ministrado no dia 12 de abril. O objetivo do curso \u00e9 apresentar elementos presentes no C\u00f3digo [&hellip;]<\/p>\n","protected":false},"author":2,"featured_media":35036,"comment_status":"open","ping_status":"closed","sticky":false,"template":"","format":"standard","meta":{"tdm_status":"","tdm_grid_status":"","footnotes":""},"categories":[22,351,370],"tags":[],"class_list":{"0":"post-110232","1":"post","2":"type-post","3":"status-publish","4":"format-standard","5":"has-post-thumbnail","7":"category-brasil","8":"category-cursos","9":"category-inscricao"},"_links":{"self":[{"href":"https:\/\/migracao.redenoticia.com.br\/noticia\/wp-json\/wp\/v2\/posts\/110232","targetHints":{"allow":["GET"]}}],"collection":[{"href":"https:\/\/migracao.redenoticia.com.br\/noticia\/wp-json\/wp\/v2\/posts"}],"about":[{"href":"https:\/\/migracao.redenoticia.com.br\/noticia\/wp-json\/wp\/v2\/types\/post"}],"author":[{"embeddable":true,"href":"https:\/\/migracao.redenoticia.com.br\/noticia\/wp-json\/wp\/v2\/users\/2"}],"replies":[{"embeddable":true,"href":"https:\/\/migracao.redenoticia.com.br\/noticia\/wp-json\/wp\/v2\/comments?post=110232"}],"version-history":[{"count":0,"href":"https:\/\/migracao.redenoticia.com.br\/noticia\/wp-json\/wp\/v2\/posts\/110232\/revisions"}],"wp:featuredmedia":[{"embeddable":true,"href":"https:\/\/migracao.redenoticia.com.br\/noticia\/wp-json\/wp\/v2\/media\/35036"}],"wp:attachment":[{"href":"https:\/\/migracao.redenoticia.com.br\/noticia\/wp-json\/wp\/v2\/media?parent=110232"}],"wp:term":[{"taxonomy":"category","embeddable":true,"href":"https:\/\/migracao.redenoticia.com.br\/noticia\/wp-json\/wp\/v2\/categories?post=110232"},{"taxonomy":"post_tag","embeddable":true,"href":"https:\/\/migracao.redenoticia.com.br\/noticia\/wp-json\/wp\/v2\/tags?post=110232"}],"curies":[{"name":"wp","href":"https:\/\/api.w.org\/{rel}","templated":true}]}}