{"id":110270,"date":"2017-04-02T23:54:02","date_gmt":"2017-04-03T02:54:02","guid":{"rendered":"http:\/\/www.redenoticia.com.br\/noticia\/?p=110270"},"modified":"2018-08-13T10:38:45","modified_gmt":"2018-08-13T13:38:45","slug":"bbb-17-enquete-quem-emilly-deve-indicar-para-o-paredao-2","status":"publish","type":"post","link":"https:\/\/migracao.redenoticia.com.br\/noticia\/2017\/bbb-17-enquete-quem-emilly-deve-indicar-para-o-paredao-2\/110270","title":{"rendered":"\u201cBBB\u201d 17 enquete: quem Emilly deve indicar para o pared\u00e3o"},"content":{"rendered":"<p><img loading=\"lazy\" decoding=\"async\" class=\"alignleft size-thumbnail wp-image-64480\" src=\"https:\/\/migracao.redenoticia.com.br\/noticia\/imagens\/bbb_votacao_enquete_paredao_prova-150x112.jpg\" alt=\"\" width=\"150\" height=\"112\" srcset=\"https:\/\/migracao.redenoticia.com.br\/noticia\/imagens\/bbb_votacao_enquete_paredao_prova-150x112.jpg 150w, https:\/\/migracao.redenoticia.com.br\/noticia\/imagens\/bbb_votacao_enquete_paredao_prova-265x198.jpg 265w\" sizes=\"auto, (max-width: 150px) 100vw, 150px\" \/><strong><em>&#8220;BBB&#8221; 17 enquete (Prova do L\u00edder 30\/03)<\/em><\/strong>: Tiago Leifert adiantou sobre a Prova do L\u00edder: &#8211; temos seis participantes e todos v\u00e3o participar da prova&#8230; a disputa n\u00e3o \u00e9 de resist\u00eancia&#8230;n\u00e3o tem mais anjo e a \u00fanica imunidade \u00e9 a do L\u00edder. Logo depois, Tiago mandou os brothers para o campo de provas&#8230; Prova do L\u00edder de sorte e rapidez: no estoque &#8220;BBB&#8221; est\u00e3o distribu\u00eddas tinturas Maxton da Embelleze. O desafio \u00e9 encontrar as quatro embalagens indicadas e coloc\u00e1-las no seu display, obedecendo o gabarito. Ao terminar, os brothers devem bater no bot\u00e3o. Quem terminar primeiro ser\u00e1 o novo L\u00edder do &#8220;BBB&#8221;. Emilly ganhou a disputa e comemorou. Participe da enquete sobre a indica\u00e7\u00e3o do L\u00edder para o pared\u00e3o.<\/p>\n<p>Enquete: Quem Emilly deve indicar para o pared\u00e3o?<\/p>\n<p><script type=\"text\/javascript\" charset=\"utf-8\" src=\"http:\/\/static.polldaddy.com\/p\/9712007.js\"><\/script><br \/>\n<noscript><\/noscript><\/p>\n<p>Emilly indicou Ilmar para o pared\u00e3o.<\/p>\n<p>Not\u00edcias relacionadas<\/p>\n<p>Concorrentes: Vivian, Marinalva, Marcos, Ilmar, Ieda e Emilly.<\/p>\n<p>Fonte e imagem &#8220;BBB&#8221; 17 Rede Globo<\/p>\n","protected":false},"excerpt":{"rendered":"<p>&#8220;BBB&#8221; 17 enquete (Prova do L\u00edder 30\/03): Tiago Leifert adiantou sobre a Prova do L\u00edder: &#8211; temos seis participantes e todos v\u00e3o participar da prova&#8230; a disputa n\u00e3o \u00e9 de resist\u00eancia&#8230;n\u00e3o tem mais anjo e a \u00fanica imunidade \u00e9 a do L\u00edder. Logo depois, Tiago mandou os brothers para o campo de provas&#8230; Prova do [&hellip;]<\/p>\n","protected":false},"author":2,"featured_media":64480,"comment_status":"open","ping_status":"closed","sticky":false,"template":"","format":"standard","meta":{"tdm_status":"","tdm_grid_status":"","footnotes":""},"categories":[520,375,343],"tags":[],"class_list":{"0":"post-110270","1":"post","2":"type-post","3":"status-publish","4":"format-standard","5":"has-post-thumbnail","7":"category-big-brother-brasil","8":"category-rede-globo","9":"category-televisao"},"_links":{"self":[{"href":"https:\/\/migracao.redenoticia.com.br\/noticia\/wp-json\/wp\/v2\/posts\/110270","targetHints":{"allow":["GET"]}}],"collection":[{"href":"https:\/\/migracao.redenoticia.com.br\/noticia\/wp-json\/wp\/v2\/posts"}],"about":[{"href":"https:\/\/migracao.redenoticia.com.br\/noticia\/wp-json\/wp\/v2\/types\/post"}],"author":[{"embeddable":true,"href":"https:\/\/migracao.redenoticia.com.br\/noticia\/wp-json\/wp\/v2\/users\/2"}],"replies":[{"embeddable":true,"href":"https:\/\/migracao.redenoticia.com.br\/noticia\/wp-json\/wp\/v2\/comments?post=110270"}],"version-history":[{"count":0,"href":"https:\/\/migracao.redenoticia.com.br\/noticia\/wp-json\/wp\/v2\/posts\/110270\/revisions"}],"wp:featuredmedia":[{"embeddable":true,"href":"https:\/\/migracao.redenoticia.com.br\/noticia\/wp-json\/wp\/v2\/media\/64480"}],"wp:attachment":[{"href":"https:\/\/migracao.redenoticia.com.br\/noticia\/wp-json\/wp\/v2\/media?parent=110270"}],"wp:term":[{"taxonomy":"category","embeddable":true,"href":"https:\/\/migracao.redenoticia.com.br\/noticia\/wp-json\/wp\/v2\/categories?post=110270"},{"taxonomy":"post_tag","embeddable":true,"href":"https:\/\/migracao.redenoticia.com.br\/noticia\/wp-json\/wp\/v2\/tags?post=110270"}],"curies":[{"name":"wp","href":"https:\/\/api.w.org\/{rel}","templated":true}]}}