{"id":11028,"date":"2009-09-08T18:48:53","date_gmt":"2009-09-08T22:48:53","guid":{"rendered":"http:\/\/www.redenoticia.com.br\/noticia\/?p=11028"},"modified":"2009-09-08T18:48:53","modified_gmt":"2009-09-08T22:48:53","slug":"o-melhor-do-cinema-brasileiro-estreia-em-setembro-no-peoplearts","status":"publish","type":"post","link":"https:\/\/migracao.redenoticia.com.br\/noticia\/2009\/o-melhor-do-cinema-brasileiro-estreia-em-setembro-no-peoplearts\/11028","title":{"rendered":"O melhor do cinema Brasileiro estreia em setembro no People+Arts"},"content":{"rendered":"<p>Em setembro, algumas das mais renomadas estrelas brasileiras invadem a tela do People+Arts nas noites de s\u00e1bado. Deus \u00e9 Brasileiro, Eu, Tu, Eles, e Cazuza &#8211; O Tempo N\u00e3o P\u00e1ra s\u00e3o as grandes estreias do +Cine &#8211; bloco de cinema do canal, que exibe os filmes sem interrup\u00e7\u00f5es. Confira abaixo as sinopses e datas de exibi\u00e7\u00e3o.\u00a0Deus \u00e9 Brasileiro \u00a0&#8211; Estreia: S\u00e1bado, 12 de setembro, \u00e0s 22h &#8211;\u00a0Cansado de tantos erros cometidos pela humanidade, Deus (Ant\u00f4nio Fagundes) resolve tirar umas f\u00e9rias dela, decidindo ir descansar em alguma estrela distante. Para tanto precisa encontrar um substituto para ficar em seu lugar enquanto estiver fora. Deus resolve ent\u00e3o procur\u00e1-lo no Brasil, pa\u00eds t\u00e3o religioso e que ainda n\u00e3o tem um santo reconhecido oficialmente. Seu guia nesta busca \u00e9 Taoca (Wagner Moura), um esperto pescador que v\u00ea em seu encontro com Deus sua grande chance de se livrar dos problemas pessoais. Juntos eles rodar\u00e3o o Brasil em busca do substituto ideal.<\/p>\n<p>Eu, Tu, Eles<br \/>\nEstreia: S\u00e1bado, 19 de setembro, \u00e0s 22h<br \/>\nDarlene (Regina Cas\u00e9), gr\u00e1vida e solteira, vai embora da sua regi\u00e3o e retorna tr\u00eas anos depois com Dimas, seu filho. Osias (Lima Duarte), um homem mais velho, lhe prop\u00f5e casamento e Darlene aceita. Pouco depois, ela engravida. Osias aceita a crian\u00e7a como seu filho, apesar da cor de sua pele ser muito mais escura que a sua. Darlene trabalha no campo e em casa, enquanto seu marido descansa em uma rede. O primo de Osias, Zezinho (St\u00eanio Garcia) \u00e9 um excelente cozinheiro e vem viver com o casal logo depois do nascimento do beb\u00ea. E logo nasce outra crian\u00e7a, esta bastante parecida com Zezinho. Pouco tempo depois Darlene convida para jantar seu amigo Ciro (Luiz Carlos Vasconcelos), que trabalha com ela nos canaviais e n\u00e3o tem onde dormir. Ciro acaba morando l\u00e1, e depois de um certo tempo, Darlene engravida mais uma vez.<\/p>\n<p>Cazuza &#8211; O Tempo N\u00e3o P\u00e1ra<br \/>\nEstreia: S\u00e1bado, 26 de setembro, \u00e0s 22h.<br \/>\nA vida louca, vida breve que marcou o percurso profissional e pessoal de Cazuza (Daniel Oliveira), do in\u00edcio da carreira, em 1981, at\u00e9 a morte em 1990, aos 32 anos: o sucesso com o Bar\u00e3o Vermelho, a carreira solo, as m\u00fasicas que falavam dos anseios de uma gera\u00e7\u00e3o, o comportamento transgressor e a coragem de continuar a carreira, criando e se apresentando, mesmo debilitado pela Aids. A trajet\u00f3ria de um artista para quem o tempo n\u00e3o p\u00e1ra.<\/p>\n","protected":false},"excerpt":{"rendered":"<p>Em setembro, algumas das mais renomadas estrelas brasileiras invadem a tela do People+Arts nas noites de s\u00e1bado. Deus \u00e9 Brasileiro, Eu, Tu, Eles, e Cazuza &#8211; O Tempo N\u00e3o P\u00e1ra s\u00e3o as grandes estreias do +Cine &#8211; bloco de cinema do canal, que exibe os filmes sem interrup\u00e7\u00f5es. Confira abaixo as sinopses e datas de [&hellip;]<\/p>\n","protected":false},"author":3,"featured_media":0,"comment_status":"open","ping_status":"open","sticky":false,"template":"","format":"standard","meta":{"tdm_status":"","tdm_grid_status":"","footnotes":""},"categories":[22,343],"tags":[],"class_list":{"0":"post-11028","1":"post","2":"type-post","3":"status-publish","4":"format-standard","6":"category-brasil","7":"category-televisao"},"_links":{"self":[{"href":"https:\/\/migracao.redenoticia.com.br\/noticia\/wp-json\/wp\/v2\/posts\/11028","targetHints":{"allow":["GET"]}}],"collection":[{"href":"https:\/\/migracao.redenoticia.com.br\/noticia\/wp-json\/wp\/v2\/posts"}],"about":[{"href":"https:\/\/migracao.redenoticia.com.br\/noticia\/wp-json\/wp\/v2\/types\/post"}],"author":[{"embeddable":true,"href":"https:\/\/migracao.redenoticia.com.br\/noticia\/wp-json\/wp\/v2\/users\/3"}],"replies":[{"embeddable":true,"href":"https:\/\/migracao.redenoticia.com.br\/noticia\/wp-json\/wp\/v2\/comments?post=11028"}],"version-history":[{"count":0,"href":"https:\/\/migracao.redenoticia.com.br\/noticia\/wp-json\/wp\/v2\/posts\/11028\/revisions"}],"wp:attachment":[{"href":"https:\/\/migracao.redenoticia.com.br\/noticia\/wp-json\/wp\/v2\/media?parent=11028"}],"wp:term":[{"taxonomy":"category","embeddable":true,"href":"https:\/\/migracao.redenoticia.com.br\/noticia\/wp-json\/wp\/v2\/categories?post=11028"},{"taxonomy":"post_tag","embeddable":true,"href":"https:\/\/migracao.redenoticia.com.br\/noticia\/wp-json\/wp\/v2\/tags?post=11028"}],"curies":[{"name":"wp","href":"https:\/\/api.w.org\/{rel}","templated":true}]}}