{"id":110328,"date":"2017-04-01T00:04:57","date_gmt":"2017-04-01T03:04:57","guid":{"rendered":"http:\/\/www.redenoticia.com.br\/noticia\/?p=110328"},"modified":"2017-03-31T20:26:06","modified_gmt":"2017-03-31T23:26:06","slug":"resumo-novela-senhora-do-destino-0304-carmo-se-reconcilia-com-reginaldo","status":"publish","type":"post","link":"https:\/\/migracao.redenoticia.com.br\/noticia\/2017\/resumo-novela-senhora-do-destino-0304-carmo-se-reconcilia-com-reginaldo\/110328","title":{"rendered":"Resumo novela \u201cSenhora do Destino\u201d 03\/04: Carmo se reconcilia com Reginaldo"},"content":{"rendered":"<p> <img loading=\"lazy\" decoding=\"async\" class=\"alignleft size-thumbnail wp-image-108730\" src=\"https:\/\/migracao.redenoticia.com.br\/noticia\/imagens\/novela-senhora-do-destino-150x112.jpg\" alt=\"\" width=\"150\" height=\"112\" \/><strong><em>Resumo novela \u201cSenhora do Destino\u201d 03\/04<\/em><\/strong>: no cap\u00edtulo 016(*) da novela \u201cSenhora do Destino\u201d, resumo de segunda-feira, 03 de abril, Dirceu vibra ao saber que tudo est\u00e1 intacto desde que o Correio do Povo foi fechado. Maria do Carmo fica esperan\u00e7osa quando Dirceu conta que vai pesquisar as fotos tiradas nas manifesta\u00e7\u00f5es. Madruga avisa Giovanni que encontrou uma mo\u00e7a que deve ser Lindalva, mas ele n\u00e3o acredita. Shao Lin garante que est\u00e1 gostando de Daiane. O depoimento de Ven\u00e2ncio \u00e9 confirmado pela camareira e ele \u00e9 liberado. A fam\u00edlia se une em torno de Reginaldo e filhos depois do enterro. Maria do Carmo se reconcilia com Reginaldo.<\/p>\n<p>(*) edi\u00e7\u00e3o da Rede Globo, Novela \u201cSenhora do Destino\u201d, sujeito a altera\u00e7\u00e3o de data e conte\u00fado.<\/p>\n<p>Senhora do Destino \u00e9 uma telenovela brasileira produzida e exibida pela Rede Globo no hor\u00e1rio das 21 horas, entre 28 de junho de 2004 e 11 de mar\u00e7o de 2005, em 221 cap\u00edtulos. Foi a 65\u00aa novela das oito exibida pela emissora. Escrita por Aguinaldo Silva com a colabora\u00e7\u00e3o de Filipe Miguez, Gl\u00f3ria Barreto, Maria Elisa Berredo e Nelson Nadotti. Dirigida por Luciano Sabino, Marco Rodrigo, Cl\u00e1udio Boeckel, com dire\u00e7\u00e3o geral e de n\u00facleo de Wolf Maya. Contou com Susana Vieira, Jos\u00e9 Wilker, Let\u00edcia Spiller, Eduardo Moscovis, Leandra Leal, Leonardo Vieira, Carol Castro, Dado Dolabella, D\u00e9bora Falabella, Marcello Antony, Tania Khalill, Jos\u00e9 de Abreu, Eliz\u00e2ngela, Jos\u00e9 Mayer, Carolina Dieckmann e Renata Sorrah nos pap\u00e9is principais.<\/p>\n","protected":false},"excerpt":{"rendered":"<p>Resumo novela \u201cSenhora do Destino\u201d 03\/04: no cap\u00edtulo 016(*) da novela \u201cSenhora do Destino\u201d, resumo de segunda-feira, 03 de abril, Dirceu vibra ao saber que tudo est\u00e1 intacto desde que o Correio do Povo foi fechado. Maria do Carmo fica esperan\u00e7osa quando Dirceu conta que vai pesquisar as fotos tiradas nas manifesta\u00e7\u00f5es. Madruga avisa Giovanni [&hellip;]<\/p>\n","protected":false},"author":2,"featured_media":108730,"comment_status":"open","ping_status":"closed","sticky":false,"template":"","format":"standard","meta":{"tdm_status":"","tdm_grid_status":"","footnotes":""},"categories":[379,375,343],"tags":[441],"class_list":{"0":"post-110328","1":"post","2":"type-post","3":"status-publish","4":"format-standard","5":"has-post-thumbnail","7":"category-novelas","8":"category-rede-globo","9":"category-televisao","10":"tag-resumo-do-dia"},"_links":{"self":[{"href":"https:\/\/migracao.redenoticia.com.br\/noticia\/wp-json\/wp\/v2\/posts\/110328","targetHints":{"allow":["GET"]}}],"collection":[{"href":"https:\/\/migracao.redenoticia.com.br\/noticia\/wp-json\/wp\/v2\/posts"}],"about":[{"href":"https:\/\/migracao.redenoticia.com.br\/noticia\/wp-json\/wp\/v2\/types\/post"}],"author":[{"embeddable":true,"href":"https:\/\/migracao.redenoticia.com.br\/noticia\/wp-json\/wp\/v2\/users\/2"}],"replies":[{"embeddable":true,"href":"https:\/\/migracao.redenoticia.com.br\/noticia\/wp-json\/wp\/v2\/comments?post=110328"}],"version-history":[{"count":0,"href":"https:\/\/migracao.redenoticia.com.br\/noticia\/wp-json\/wp\/v2\/posts\/110328\/revisions"}],"wp:featuredmedia":[{"embeddable":true,"href":"https:\/\/migracao.redenoticia.com.br\/noticia\/wp-json\/wp\/v2\/media\/108730"}],"wp:attachment":[{"href":"https:\/\/migracao.redenoticia.com.br\/noticia\/wp-json\/wp\/v2\/media?parent=110328"}],"wp:term":[{"taxonomy":"category","embeddable":true,"href":"https:\/\/migracao.redenoticia.com.br\/noticia\/wp-json\/wp\/v2\/categories?post=110328"},{"taxonomy":"post_tag","embeddable":true,"href":"https:\/\/migracao.redenoticia.com.br\/noticia\/wp-json\/wp\/v2\/tags?post=110328"}],"curies":[{"name":"wp","href":"https:\/\/api.w.org\/{rel}","templated":true}]}}