{"id":11033,"date":"2009-09-08T18:56:09","date_gmt":"2009-09-08T22:56:09","guid":{"rendered":"http:\/\/www.redenoticia.com.br\/noticia\/?p=11033"},"modified":"2009-09-08T18:56:37","modified_gmt":"2009-09-08T22:56:37","slug":"investir-na-defesa-e-cuidar-da-soberania-diz-presidente-lula","status":"publish","type":"post","link":"https:\/\/migracao.redenoticia.com.br\/noticia\/2009\/investir-na-defesa-e-cuidar-da-soberania-diz-presidente-lula\/11033","title":{"rendered":"Investir na defesa \u00e9 cuidar da soberania, diz presidente Lula"},"content":{"rendered":"<p>O Presidente do Brasil, Luiz In\u00e1cio Lula da Silva, afirmou em discurso no encerramento da visita do presidente da Fran\u00e7a, Nicolas Sarkozy, que os investimentos do Brasil na \u00e1rea de defesa e os acordos no setor firmados com a Fran\u00e7a buscam assegurar a paz e a prote\u00e7\u00e3o do futuro do Pa\u00eds.\u201dFazer investimentos na \u00e1rea de defesa \u00e9 a gente cuidar do nosso territ\u00f3rio e da nossa soberania com muito mais cuidado. Afinal de contas, deve sempre passar pela nossa cabe\u00e7a a id\u00e9ia de que o petr\u00f3leo j\u00e1 foi motivo de muitas guerras, de muitos conflitos, e n\u00f3s n\u00e3o queremos nem guerra e nem conflito\u201d.<\/p>\n<p>O presidente referia-se especialmente \u00e0s reservas petrol\u00edferas gigantes do pr\u00e9-sal, que come\u00e7aram a ser exploradas e que ocupam uma \u00e1rea de 149 mil quil\u00f4metros quadrados. \u201cO Brasil est\u00e1 vendo essa oportunidade do pr\u00e9-sal como a possibilidade de nos pr\u00f3ximos 15 ou 20 anos se transformar em uma grande economia mundial\u201d, afirmou o presidente.<\/p>\n<p>Os acordos assinados com a Fran\u00e7a, especialmente os que prev\u00eaem transfer\u00eancia de tecnologia naval e aeron\u00e1utica, entre outras, fortalecem a independ\u00eancia brasileira, na vis\u00e3o do presidente Lula. \u201cNo lan\u00e7amento do programa do pr\u00e9-sal, h\u00e1 dias, afirmei que est\u00e1vamos celebrando nossa segunda independ\u00eancia, uma independ\u00eancia que tamb\u00e9m tem que ser tecnol\u00f3gica, sem ela n\u00e3o se constr\u00f3i um pa\u00eds soberano\u201d.<\/p>\n<p>Segundo Lula, os acordos ajudam a consolidar uma \u201calian\u00e7a Norte-Sul de novo tipo, sem assimetrias\u201d: \u201cOs acordos em mat\u00e9ria de super computadores e projetos avan\u00e7ados de inform\u00e1tica, aeroespacial e nuclear refor\u00e7ar\u00e3o nossa competitividade em setores estrat\u00e9gicos de ponta.\u201d<\/p>\n<p>Assessoria de Comunica\u00e7\u00e3o Social<br \/>\nMinist\u00e9rio da Defesa<\/p>\n","protected":false},"excerpt":{"rendered":"<p>O Presidente do Brasil, Luiz In\u00e1cio Lula da Silva, afirmou em discurso no encerramento da visita do presidente da Fran\u00e7a, Nicolas Sarkozy, que os investimentos do Brasil na \u00e1rea de defesa e os acordos no setor firmados com a Fran\u00e7a buscam assegurar a paz e a prote\u00e7\u00e3o do futuro do Pa\u00eds.\u201dFazer investimentos na \u00e1rea de [&hellip;]<\/p>\n","protected":false},"author":3,"featured_media":0,"comment_status":"open","ping_status":"open","sticky":false,"template":"","format":"standard","meta":{"tdm_status":"","tdm_grid_status":"","footnotes":""},"categories":[22],"tags":[],"class_list":{"0":"post-11033","1":"post","2":"type-post","3":"status-publish","4":"format-standard","6":"category-brasil"},"_links":{"self":[{"href":"https:\/\/migracao.redenoticia.com.br\/noticia\/wp-json\/wp\/v2\/posts\/11033","targetHints":{"allow":["GET"]}}],"collection":[{"href":"https:\/\/migracao.redenoticia.com.br\/noticia\/wp-json\/wp\/v2\/posts"}],"about":[{"href":"https:\/\/migracao.redenoticia.com.br\/noticia\/wp-json\/wp\/v2\/types\/post"}],"author":[{"embeddable":true,"href":"https:\/\/migracao.redenoticia.com.br\/noticia\/wp-json\/wp\/v2\/users\/3"}],"replies":[{"embeddable":true,"href":"https:\/\/migracao.redenoticia.com.br\/noticia\/wp-json\/wp\/v2\/comments?post=11033"}],"version-history":[{"count":0,"href":"https:\/\/migracao.redenoticia.com.br\/noticia\/wp-json\/wp\/v2\/posts\/11033\/revisions"}],"wp:attachment":[{"href":"https:\/\/migracao.redenoticia.com.br\/noticia\/wp-json\/wp\/v2\/media?parent=11033"}],"wp:term":[{"taxonomy":"category","embeddable":true,"href":"https:\/\/migracao.redenoticia.com.br\/noticia\/wp-json\/wp\/v2\/categories?post=11033"},{"taxonomy":"post_tag","embeddable":true,"href":"https:\/\/migracao.redenoticia.com.br\/noticia\/wp-json\/wp\/v2\/tags?post=11033"}],"curies":[{"name":"wp","href":"https:\/\/api.w.org\/{rel}","templated":true}]}}