{"id":110332,"date":"2017-04-01T00:07:28","date_gmt":"2017-04-01T03:07:28","guid":{"rendered":"http:\/\/www.redenoticia.com.br\/noticia\/?p=110332"},"modified":"2017-03-31T20:28:31","modified_gmt":"2017-03-31T23:28:31","slug":"resumo-novela-novo-mundo-0304-joaquim-cai-em-uma-armadilha-de-guayi","status":"publish","type":"post","link":"https:\/\/migracao.redenoticia.com.br\/noticia\/2017\/resumo-novela-novo-mundo-0304-joaquim-cai-em-uma-armadilha-de-guayi\/110332","title":{"rendered":"Resumo novela \u201cNovo Mundo\u201d 03\/04: Joaquim cai em uma armadilha de Guayi"},"content":{"rendered":"<p> <img loading=\"lazy\" decoding=\"async\" class=\"alignleft size-thumbnail wp-image-107950\" src=\"https:\/\/migracao.redenoticia.com.br\/noticia\/imagens\/novo_mundo_novela_resumo_globo-150x112.jpg\" alt=\"\" width=\"150\" height=\"112\" srcset=\"https:\/\/migracao.redenoticia.com.br\/noticia\/imagens\/novo_mundo_novela_resumo_globo-150x112.jpg 150w, https:\/\/migracao.redenoticia.com.br\/noticia\/imagens\/novo_mundo_novela_resumo_globo-265x198.jpg 265w\" sizes=\"auto, (max-width: 150px) 100vw, 150px\" \/><strong><em>Resumo novela \u201cNovo Mundo\u201d 03\/04<\/em><\/strong>: no cap\u00edtulo 011(*) da novela \u201cNovo Mundo\u201d, resumo de segunda-feira, 03 de abril, Anna tenta se livrar de Pedro. Sebasti\u00e3o avisa a Thomas que ele ter\u00e1 uma audi\u00eancia com Dom Jo\u00e3o. Ferdinando e Let\u00edcia impedem que Piat\u00e3 os acompanhe na expedi\u00e7\u00e3o. Jacira finge ser amiga de Joaquim. Wolfgang foge de Elvira. Leopoldina conta para a Anna que Carlota atacou Piat\u00e3. Anna n\u00e3o consegue contar para Piat\u00e3 que Pedro a beijou \u00e0 for\u00e7a. Catarina revela que foi roubada por Elvira, e Germana e Licurgo exigem que ela passe a trabalhar na taberna. Guayi manda os guerreiros da aldeia levarem Joaquim at\u00e9 ele. Thomas estranha ao ver Pedro em sua audi\u00eancia com Dom Jo\u00e3o. Patr\u00edcio n\u00e3o gosta de ouvir Leopoldina falando de Carlota. Thomas convence Dom Jo\u00e3o a lhe dar um cargo de confian\u00e7a para investigar um compl\u00f4 contra a monarquia. Jacinto finge conhecer os \u00edndios e convida Piat\u00e3 para uma expedi\u00e7\u00e3o \u00e0 mata. Joaquim cai em uma armadilha de Guayi.<\/p>\n<p>(*) edi\u00e7\u00e3o da Rede Globo, Novela \u201cNovo Mundo\u201d, sujeito a altera\u00e7\u00e3o de data e conte\u00fado.<\/p>\n<p>Novo Mundo \u00e9 uma telenovela brasileira produzida pela Rede Globo. Escrita por Thereza Falc\u00e3o e Alessandro Marson, conta com dire\u00e7\u00e3o art\u00edstica de Vin\u00edcius Coimbra. Conta com as participa\u00e7\u00f5es de Isabelle Drummond, Chay Suede, Caio Castro, Let\u00edcia Colin, Leo Jaime, D\u00e9bora Olivieri, Rodrigo Simas, Giullia Buscacio, Vivianne Pasmanter, Guilherme Piva, R\u00f4mulo Estrela, Agatha Moreira, Luisa Micheletti, Gabriel Braga Nunes, e Ingrid Guimar\u00e3es.<\/p>\n","protected":false},"excerpt":{"rendered":"<p>Resumo novela \u201cNovo Mundo\u201d 03\/04: no cap\u00edtulo 011(*) da novela \u201cNovo Mundo\u201d, resumo de segunda-feira, 03 de abril, Anna tenta se livrar de Pedro. Sebasti\u00e3o avisa a Thomas que ele ter\u00e1 uma audi\u00eancia com Dom Jo\u00e3o. Ferdinando e Let\u00edcia impedem que Piat\u00e3 os acompanhe na expedi\u00e7\u00e3o. Jacira finge ser amiga de Joaquim. Wolfgang foge de [&hellip;]<\/p>\n","protected":false},"author":2,"featured_media":107950,"comment_status":"open","ping_status":"closed","sticky":false,"template":"","format":"standard","meta":{"tdm_status":"","tdm_grid_status":"","footnotes":""},"categories":[379,375,343],"tags":[441],"class_list":{"0":"post-110332","1":"post","2":"type-post","3":"status-publish","4":"format-standard","5":"has-post-thumbnail","7":"category-novelas","8":"category-rede-globo","9":"category-televisao","10":"tag-resumo-do-dia"},"_links":{"self":[{"href":"https:\/\/migracao.redenoticia.com.br\/noticia\/wp-json\/wp\/v2\/posts\/110332","targetHints":{"allow":["GET"]}}],"collection":[{"href":"https:\/\/migracao.redenoticia.com.br\/noticia\/wp-json\/wp\/v2\/posts"}],"about":[{"href":"https:\/\/migracao.redenoticia.com.br\/noticia\/wp-json\/wp\/v2\/types\/post"}],"author":[{"embeddable":true,"href":"https:\/\/migracao.redenoticia.com.br\/noticia\/wp-json\/wp\/v2\/users\/2"}],"replies":[{"embeddable":true,"href":"https:\/\/migracao.redenoticia.com.br\/noticia\/wp-json\/wp\/v2\/comments?post=110332"}],"version-history":[{"count":0,"href":"https:\/\/migracao.redenoticia.com.br\/noticia\/wp-json\/wp\/v2\/posts\/110332\/revisions"}],"wp:featuredmedia":[{"embeddable":true,"href":"https:\/\/migracao.redenoticia.com.br\/noticia\/wp-json\/wp\/v2\/media\/107950"}],"wp:attachment":[{"href":"https:\/\/migracao.redenoticia.com.br\/noticia\/wp-json\/wp\/v2\/media?parent=110332"}],"wp:term":[{"taxonomy":"category","embeddable":true,"href":"https:\/\/migracao.redenoticia.com.br\/noticia\/wp-json\/wp\/v2\/categories?post=110332"},{"taxonomy":"post_tag","embeddable":true,"href":"https:\/\/migracao.redenoticia.com.br\/noticia\/wp-json\/wp\/v2\/tags?post=110332"}],"curies":[{"name":"wp","href":"https:\/\/api.w.org\/{rel}","templated":true}]}}