{"id":110402,"date":"2017-04-03T00:39:28","date_gmt":"2017-04-03T03:39:28","guid":{"rendered":"http:\/\/www.redenoticia.com.br\/noticia\/?p=110402"},"modified":"2017-04-02T18:10:22","modified_gmt":"2017-04-02T21:10:22","slug":"ministerio-da-saude-estuda-fracionar-doses-de-vacinas-contra-a-febre-amarela","status":"publish","type":"post","link":"https:\/\/migracao.redenoticia.com.br\/noticia\/2017\/ministerio-da-saude-estuda-fracionar-doses-de-vacinas-contra-a-febre-amarela\/110402","title":{"rendered":"Minist\u00e9rio da Sa\u00fade estuda fracionar doses de vacinas contra a febre amarela"},"content":{"rendered":"<p> O Minist\u00e9rio da Sa\u00fade informou que estuda a possibilidade do fracionamento das doses de <strong><em>vacina contra a febre amarela<\/em><\/strong> para imunizar um maior n\u00famero de pessoas. Segundo a pasta, o efeito \u00e9 o mesmo da dose comum e o que muda \u00e9 a dura\u00e7\u00e3o da imunidade, que passa a ser de apenas 1 ano.<\/p>\n<p>Ontem, durante o 3\u00ba Encontro da Rede Nacional de Especialistas em Zika e doen\u00e7as correlatas (Renezika), em Bras\u00edlia, o ministro da Sa\u00fade, Ricardo Barros, disse que o fracionamento da vacina ocorre quando um diluente \u00e9 adicionado e a ampola que seria de 10 doses se transforma em 50 doses, com um ano de prote\u00e7\u00e3o. Segundo Barros, pessoas que tomarem a vacina fracionada, caso essa seja a decis\u00e3o do governo, ter\u00e3o que se vacinar novamente.<\/p>\n<p>A medida ser\u00e1 discutida nesta ter\u00e7a-feira (4) quando o minist\u00e9rio deve receber o levantamento dos estados com informa\u00e7\u00f5es sobre o n\u00famero de doses extras de vacina necess\u00e1rias para a imuniza\u00e7\u00e3o das \u00e1reas de risco. Com as informa\u00e7\u00f5es, os gestores devem decidir a estrat\u00e9gia a ser adotada pelo governo.<\/p>\n<p>Segundo Barros, al\u00e9m do fracionamento, o minist\u00e9rio tamb\u00e9m analisa a viabilidade de importa\u00e7\u00e3o das doses. &#8220;Vamos adotar ou uma importa\u00e7\u00e3o ou um fracionamento da vacina\u201d, disse ontem.<\/p>\n<p>De acordo com a assessoria de imprensa do Minist\u00e9rio da Sa\u00fade, caso o fracionamento seja apontado como o melhor meio para proteger a popula\u00e7\u00e3o, as vacinas passar\u00e3o a ser oferecidas em locais considerados emergenciais.<\/p>\n<p>A Organiza\u00e7\u00e3o Mundial da Sa\u00fade (OMS) recomenda que os pa\u00edses deem prioridade de imuniza\u00e7\u00e3o em \u00e1reas de riscos, onde a popula\u00e7\u00e3o vive  amea\u00e7ada pelo v\u00edrus da febre amarela.<\/p>\n<p>Da Ag\u00eancia Brasil<br \/>\nEdi\u00e7\u00e3o: L\u00edlian Beraldo<br \/>\n03\/04\/2017<\/p>\n","protected":false},"excerpt":{"rendered":"<p>O Minist\u00e9rio da Sa\u00fade informou que estuda a possibilidade do fracionamento das doses de vacina contra a febre amarela para imunizar um maior n\u00famero de pessoas. Segundo a pasta, o efeito \u00e9 o mesmo da dose comum e o que muda \u00e9 a dura\u00e7\u00e3o da imunidade, que passa a ser de apenas 1 ano. Ontem, [&hellip;]<\/p>\n","protected":false},"author":2,"featured_media":34747,"comment_status":"open","ping_status":"closed","sticky":false,"template":"","format":"standard","meta":{"tdm_status":"","tdm_grid_status":"","footnotes":""},"categories":[22,5],"tags":[],"class_list":{"0":"post-110402","1":"post","2":"type-post","3":"status-publish","4":"format-standard","5":"has-post-thumbnail","7":"category-brasil","8":"category-saude-e-vida"},"_links":{"self":[{"href":"https:\/\/migracao.redenoticia.com.br\/noticia\/wp-json\/wp\/v2\/posts\/110402","targetHints":{"allow":["GET"]}}],"collection":[{"href":"https:\/\/migracao.redenoticia.com.br\/noticia\/wp-json\/wp\/v2\/posts"}],"about":[{"href":"https:\/\/migracao.redenoticia.com.br\/noticia\/wp-json\/wp\/v2\/types\/post"}],"author":[{"embeddable":true,"href":"https:\/\/migracao.redenoticia.com.br\/noticia\/wp-json\/wp\/v2\/users\/2"}],"replies":[{"embeddable":true,"href":"https:\/\/migracao.redenoticia.com.br\/noticia\/wp-json\/wp\/v2\/comments?post=110402"}],"version-history":[{"count":0,"href":"https:\/\/migracao.redenoticia.com.br\/noticia\/wp-json\/wp\/v2\/posts\/110402\/revisions"}],"wp:featuredmedia":[{"embeddable":true,"href":"https:\/\/migracao.redenoticia.com.br\/noticia\/wp-json\/wp\/v2\/media\/34747"}],"wp:attachment":[{"href":"https:\/\/migracao.redenoticia.com.br\/noticia\/wp-json\/wp\/v2\/media?parent=110402"}],"wp:term":[{"taxonomy":"category","embeddable":true,"href":"https:\/\/migracao.redenoticia.com.br\/noticia\/wp-json\/wp\/v2\/categories?post=110402"},{"taxonomy":"post_tag","embeddable":true,"href":"https:\/\/migracao.redenoticia.com.br\/noticia\/wp-json\/wp\/v2\/tags?post=110402"}],"curies":[{"name":"wp","href":"https:\/\/api.w.org\/{rel}","templated":true}]}}