{"id":110404,"date":"2017-04-03T00:40:28","date_gmt":"2017-04-03T03:40:28","guid":{"rendered":"http:\/\/www.redenoticia.com.br\/noticia\/?p=110404"},"modified":"2017-04-02T18:11:19","modified_gmt":"2017-04-02T21:11:19","slug":"sus-tera-atendimento-especializado-para-mulheres-vitimas-de-violencia-domestica","status":"publish","type":"post","link":"https:\/\/migracao.redenoticia.com.br\/noticia\/2017\/sus-tera-atendimento-especializado-para-mulheres-vitimas-de-violencia-domestica\/110404","title":{"rendered":"SUS ter\u00e1 atendimento especializado para mulheres v\u00edtimas de viol\u00eancia dom\u00e9stica"},"content":{"rendered":"<p> Publicada no Di\u00e1rio Oficial da Uni\u00e3o, a lei que garante atendimento especializado para mulheres v\u00edtimas de <strong><em>viol\u00eancia dom\u00e9stica e sexual<\/em><\/strong> no Sistema \u00danico da Sa\u00fade (SUS). O projeto que originou a lei, sancionada pelo presidente Michel Temer, est\u00e1 entre as quatro mat\u00e9rias aprovadas no in\u00edcio de mar\u00e7o em homenagem \u00e0 Semana da mulher.<\/p>\n<p>A Lei 13.427 de 2017 garante tamb\u00e9m acompanhamento psicol\u00f3gico e cirurgia pl\u00e1sticas reparadoras, caso sejam necess\u00e1rias.<\/p>\n<p>Da Ag\u00eancia Brasil<br \/>\nEdi\u00e7\u00e3o: Gra\u00e7a Adjuto<br \/>\n03\/04\/2017<br \/>\n&#8212;<br \/>\nCriada em 2007 para fortalecer o sistema p\u00fablico de comunica\u00e7\u00e3o, a EBC \u00e9 gestora da TV Brasil, TV Brasil Internacional, Ag\u00eancia Brasil, Radioag\u00eancia Nacional e do sistema p\u00fablico de R\u00e1dio, composto por oito emissoras: R\u00e1dio Nacional AM do Rio de Janeiro (1.130 KHz), R\u00e1dio Nacional AM de Bras\u00edlia (980 KHz), Nacional FM de Bras\u00edlia (96,1 MHz), R\u00e1dio MEC AM do Rio de Janeiro (800 KHz), MEC FM do Rio de Janeiro (99,3 MHz), R\u00e1dio Nacional da Amaz\u00f4nia OC (11.780 KHz e 6.180 KHz), R\u00e1dio Nacional AM do Alto Solim\u00f5es (670 KHz) e R\u00e1dio Nacional FM do Alto Solim\u00f5es (96.1 MHz). Por sua independ\u00eancia editorial, os ve\u00edculos p\u00fablicos distinguem-se dos canais estatais ou governamentais. A rede de emissoras produz conte\u00fados diferenciados que a singulariza por espelhar de maneira mais fidedigna a complexidade cultural brasileira, ocupando um espa\u00e7o complementar, n\u00e3o preenchido pelos canais privados.<\/p>\n","protected":false},"excerpt":{"rendered":"<p>Publicada no Di\u00e1rio Oficial da Uni\u00e3o, a lei que garante atendimento especializado para mulheres v\u00edtimas de viol\u00eancia dom\u00e9stica e sexual no Sistema \u00danico da Sa\u00fade (SUS). O projeto que originou a lei, sancionada pelo presidente Michel Temer, est\u00e1 entre as quatro mat\u00e9rias aprovadas no in\u00edcio de mar\u00e7o em homenagem \u00e0 Semana da mulher. A Lei [&hellip;]<\/p>\n","protected":false},"author":2,"featured_media":37376,"comment_status":"open","ping_status":"closed","sticky":false,"template":"","format":"standard","meta":{"tdm_status":"","tdm_grid_status":"","footnotes":""},"categories":[22,5],"tags":[],"class_list":{"0":"post-110404","1":"post","2":"type-post","3":"status-publish","4":"format-standard","5":"has-post-thumbnail","7":"category-brasil","8":"category-saude-e-vida"},"_links":{"self":[{"href":"https:\/\/migracao.redenoticia.com.br\/noticia\/wp-json\/wp\/v2\/posts\/110404","targetHints":{"allow":["GET"]}}],"collection":[{"href":"https:\/\/migracao.redenoticia.com.br\/noticia\/wp-json\/wp\/v2\/posts"}],"about":[{"href":"https:\/\/migracao.redenoticia.com.br\/noticia\/wp-json\/wp\/v2\/types\/post"}],"author":[{"embeddable":true,"href":"https:\/\/migracao.redenoticia.com.br\/noticia\/wp-json\/wp\/v2\/users\/2"}],"replies":[{"embeddable":true,"href":"https:\/\/migracao.redenoticia.com.br\/noticia\/wp-json\/wp\/v2\/comments?post=110404"}],"version-history":[{"count":0,"href":"https:\/\/migracao.redenoticia.com.br\/noticia\/wp-json\/wp\/v2\/posts\/110404\/revisions"}],"wp:featuredmedia":[{"embeddable":true,"href":"https:\/\/migracao.redenoticia.com.br\/noticia\/wp-json\/wp\/v2\/media\/37376"}],"wp:attachment":[{"href":"https:\/\/migracao.redenoticia.com.br\/noticia\/wp-json\/wp\/v2\/media?parent=110404"}],"wp:term":[{"taxonomy":"category","embeddable":true,"href":"https:\/\/migracao.redenoticia.com.br\/noticia\/wp-json\/wp\/v2\/categories?post=110404"},{"taxonomy":"post_tag","embeddable":true,"href":"https:\/\/migracao.redenoticia.com.br\/noticia\/wp-json\/wp\/v2\/tags?post=110404"}],"curies":[{"name":"wp","href":"https:\/\/api.w.org\/{rel}","templated":true}]}}