{"id":110406,"date":"2017-04-03T00:41:24","date_gmt":"2017-04-03T03:41:24","guid":{"rendered":"http:\/\/www.redenoticia.com.br\/noticia\/?p=110406"},"modified":"2017-04-02T18:12:30","modified_gmt":"2017-04-02T21:12:30","slug":"precos-de-remedios-sobem-ate-476","status":"publish","type":"post","link":"https:\/\/migracao.redenoticia.com.br\/noticia\/2017\/precos-de-remedios-sobem-ate-476\/110406","title":{"rendered":"Pre\u00e7os de rem\u00e9dios sobem at\u00e9 4,76%"},"content":{"rendered":"<p> O Di\u00e1rio Oficial da Uni\u00e3o publicou resolu\u00e7\u00e3o do Conselho de Ministros da C\u00e2mara de Regula\u00e7\u00e3o do Mercado de Medicamentos (Cmed) autorizando os \u00edndices do <strong><em>reajuste anual de pre\u00e7os de medicamentos<\/em><\/strong> para 2017, que variam de 1,36% a 4,76%. <\/p>\n<p>De acordo com a resolu\u00e7\u00e3o, o reajuste m\u00e1ximo permitido \u00e9 o seguinte: n\u00edvel 1: 4,76%; n\u00edvel 2: 3,06; e n\u00edvel 3: 1,36%. O Cmed \u00e9 um \u00f3rg\u00e3o do governo integrado por representantes de v\u00e1rios minist\u00e9rios.<\/p>\n<p>O Sindicato da Ind\u00fastria Farmac\u00eautica  (Sindusfarma) informou, por meio de nota, que os \u00edndices de reajuste n\u00e3o rep\u00f5em a infla\u00e7\u00e3o passada, medida pelo \u00cdndice de Pre\u00e7os ao Consumidor Amplo (IPCA) no acumulado de 12 meses, de mar\u00e7o de 2016 a fevereiro deste ano.<\/p>\n<p>\u201cDo ponto de vista da ind\u00fastria farmac\u00eautica, mais uma vez os \u00edndices s\u00e3o insuficientes para repor os custos crescentes do setor nos \u00faltimos anos\u201d, diz a nota.<\/p>\n<p>Segundo o Sindusfarma, o reajuste anual de pre\u00e7os fixado pelo governo poder\u00e1 ser aplicado em cerca de 19 mil medicamentos dispon\u00edveis no mercado varejista brasileiro.<\/p>\n<p>Da Ag\u00eancia Brasil<br \/>\nEdi\u00e7\u00e3o: Kleber Sampaio<br \/>\n03\/04\/2017<br \/>\n&#8212;<br \/>\nCriada em 2007 para fortalecer o sistema p\u00fablico de comunica\u00e7\u00e3o, a EBC \u00e9 gestora da TV Brasil, TV Brasil Internacional, Ag\u00eancia Brasil, Radioag\u00eancia Nacional e do sistema p\u00fablico de R\u00e1dio, composto por oito emissoras: R\u00e1dio Nacional AM do Rio de Janeiro (1.130 KHz), R\u00e1dio Nacional AM de Bras\u00edlia (980 KHz), Nacional FM de Bras\u00edlia (96,1 MHz), R\u00e1dio MEC AM do Rio de Janeiro (800 KHz), MEC FM do Rio de Janeiro (99,3 MHz), R\u00e1dio Nacional da Amaz\u00f4nia OC (11.780 KHz e 6.180 KHz), R\u00e1dio Nacional AM do Alto Solim\u00f5es (670 KHz) e R\u00e1dio Nacional FM do Alto Solim\u00f5es (96.1 MHz). Por sua independ\u00eancia editorial, os ve\u00edculos p\u00fablicos distinguem-se dos canais estatais ou governamentais. A rede de emissoras produz conte\u00fados diferenciados que a singulariza por espelhar de maneira mais fidedigna a complexidade cultural brasileira, ocupando um espa\u00e7o complementar, n\u00e3o preenchido pelos canais privados.<\/p>\n","protected":false},"excerpt":{"rendered":"<p>O Di\u00e1rio Oficial da Uni\u00e3o publicou resolu\u00e7\u00e3o do Conselho de Ministros da C\u00e2mara de Regula\u00e7\u00e3o do Mercado de Medicamentos (Cmed) autorizando os \u00edndices do reajuste anual de pre\u00e7os de medicamentos para 2017, que variam de 1,36% a 4,76%. De acordo com a resolu\u00e7\u00e3o, o reajuste m\u00e1ximo permitido \u00e9 o seguinte: n\u00edvel 1: 4,76%; n\u00edvel 2: [&hellip;]<\/p>\n","protected":false},"author":2,"featured_media":40517,"comment_status":"open","ping_status":"closed","sticky":false,"template":"","format":"standard","meta":{"tdm_status":"","tdm_grid_status":"","footnotes":""},"categories":[22,5],"tags":[],"class_list":{"0":"post-110406","1":"post","2":"type-post","3":"status-publish","4":"format-standard","5":"has-post-thumbnail","7":"category-brasil","8":"category-saude-e-vida"},"_links":{"self":[{"href":"https:\/\/migracao.redenoticia.com.br\/noticia\/wp-json\/wp\/v2\/posts\/110406","targetHints":{"allow":["GET"]}}],"collection":[{"href":"https:\/\/migracao.redenoticia.com.br\/noticia\/wp-json\/wp\/v2\/posts"}],"about":[{"href":"https:\/\/migracao.redenoticia.com.br\/noticia\/wp-json\/wp\/v2\/types\/post"}],"author":[{"embeddable":true,"href":"https:\/\/migracao.redenoticia.com.br\/noticia\/wp-json\/wp\/v2\/users\/2"}],"replies":[{"embeddable":true,"href":"https:\/\/migracao.redenoticia.com.br\/noticia\/wp-json\/wp\/v2\/comments?post=110406"}],"version-history":[{"count":0,"href":"https:\/\/migracao.redenoticia.com.br\/noticia\/wp-json\/wp\/v2\/posts\/110406\/revisions"}],"wp:featuredmedia":[{"embeddable":true,"href":"https:\/\/migracao.redenoticia.com.br\/noticia\/wp-json\/wp\/v2\/media\/40517"}],"wp:attachment":[{"href":"https:\/\/migracao.redenoticia.com.br\/noticia\/wp-json\/wp\/v2\/media?parent=110406"}],"wp:term":[{"taxonomy":"category","embeddable":true,"href":"https:\/\/migracao.redenoticia.com.br\/noticia\/wp-json\/wp\/v2\/categories?post=110406"},{"taxonomy":"post_tag","embeddable":true,"href":"https:\/\/migracao.redenoticia.com.br\/noticia\/wp-json\/wp\/v2\/tags?post=110406"}],"curies":[{"name":"wp","href":"https:\/\/api.w.org\/{rel}","templated":true}]}}