{"id":110408,"date":"2017-04-03T00:42:35","date_gmt":"2017-04-03T03:42:35","guid":{"rendered":"http:\/\/www.redenoticia.com.br\/noticia\/?p=110408"},"modified":"2017-04-02T18:13:44","modified_gmt":"2017-04-02T21:13:44","slug":"desemprego-atinge-135-milhoes-de-pessoas-e-tem-a-maior-taxa-desde-2012","status":"publish","type":"post","link":"https:\/\/migracao.redenoticia.com.br\/noticia\/2017\/desemprego-atinge-135-milhoes-de-pessoas-e-tem-a-maior-taxa-desde-2012\/110408","title":{"rendered":"Desemprego atinge 13,5 milh\u00f5es de pessoas e tem a maior taxa desde 2012"},"content":{"rendered":"<p> A <strong><em>taxa de desocupa\u00e7\u00e3o<\/em><\/strong> do pa\u00eds fechou o trimestre m\u00f3vel de dezembro do ano passado a fevereiro deste ano em 13,2%, alta de de 1,3 ponto percentual frente ao trimestre m\u00f3vel anterior. Com o resultado, a popula\u00e7\u00e3o desocupada do pa\u00eds chegou a 13,5 milh\u00f5es de trabalhadores, um novo recorde tanto da taxa quanto da popula\u00e7\u00e3o desocupada de toda a s\u00e9rie hist\u00f3rica iniciada em 2012.<\/p>\n<p>Os dados fazem parte da Pesquisa Nacional por Amostra de Domic\u00edlios (Pnad Cont\u00ednua), divulgada hoje pelo Instituto Brasileiro de Geografia e Estat\u00edstica (IBGE). Em rela\u00e7\u00e3o ao mesmo trimestre m\u00f3vel do ano anterior, a taxa de desemprego cresceu 2,9 pontos percentuais.<\/p>\n<p>Trimestre anterior<\/p>\n<p>Quando comparada \u00e0 taxa de desemprego do trimestre encerrado em novembro do ano passado, o contingente de desempregados cresceu 11,7%, o equivalente a mais 1,4 milh\u00e3o de pessoas desocupadas, e 30,6% (mais 3,2 milh\u00f5es de pessoas em busca de trabalho) em rela\u00e7\u00e3o a igual trimestre de 2016.<\/p>\n<p>Os n\u00fameros da Pnad indicam, ainda, que a popula\u00e7\u00e3o ocupada, de 89,3 milh\u00f5es, teve recuos tanto em rela\u00e7\u00e3o ao trimestre encerrado em novembro de 2016 (-1%), quanto em rela\u00e7\u00e3o ao mesmo trimestre de 2016 (-2%).<\/p>\n<p>Rendimento<\/p>\n<p>Apesar da continuidade do crescimento da taxa de desemprego, o rendimento m\u00e9dio real habitual do trabalhador brasileiro neste \u00faltimo trimestre encerrado em fevereiro manteve-se est\u00e1vel em R$ 2.068. No trimestre m\u00f3vel anterior, foi de R$ 2.049.<\/p>\n<p>Tamb\u00e9m houve estabilidade em rela\u00e7\u00e3o ao mesmo trimestre de 2016, quando o rendimento m\u00e9dio real habitual era de R$ 2.037.<\/p>\n<p>Os dados da Pnad indicam, ainda, que houve crescimento do sal\u00e1rio apenas para os empregados no setor p\u00fablico, com expans\u00e3o de 3,2% frente ao trimestre m\u00f3vel anterior. Em rela\u00e7\u00e3o ao mesmo trimestre do ano anterior (dezembro de 2015 a fevereiro de 2016), este crescimento chegou a 5,1%. Nas demais posi\u00e7\u00f5es de ocupa\u00e7\u00e3o, houve estabilidade em ambos os per\u00edodos analisados.<\/p>\n<p>Segundo o IBGE, na compara\u00e7\u00e3o com o trimestre anterior, houve estabilidade no rendimento de todos os grupamentos de atividade, com exce\u00e7\u00e3o da categoria administra\u00e7\u00e3o p\u00fablica, defesa, seguridade social, educa\u00e7\u00e3o, sa\u00fade humana e servi\u00e7os sociais, que registrou varia\u00e7\u00e3o positiva de 3,4%.<\/p>\n<p>Frente ao mesmo trimestre de 2016, somente dois grupamentos apresentaram alta no rendimento: agricultura, pecu\u00e1ria, produ\u00e7\u00e3o florestal, pesca e aquicultura (+6,9%); e administra\u00e7\u00e3o p\u00fablica, defesa, seguridade social, educa\u00e7\u00e3o, sa\u00fade humana e servi\u00e7os sociais (+3,6%). Os demais grupamentos ficaram est\u00e1veis.<\/p>\n<p> J\u00e1 a massa de rendimento real habitual no trimestre encerrado em fevereiro de 2017 tamb\u00e9m ficou est\u00e1vel nas duas compara\u00e7\u00f5es, em R$ 180,2 bilh\u00f5es.<\/p>\n<p>N\u00edvel de Ocupa\u00e7\u00e3o<\/p>\n<p>O n\u00edvel da ocupa\u00e7\u00e3o, indicador que mede o percentual de pessoas ocupadas na popula\u00e7\u00e3o em idade de trabalhar, foi estimado em 53,4%, o menor n\u00edvel da s\u00e9rie hist\u00f3rica, com uma queda de 0,7% em rela\u00e7\u00e3o ao trimestre m\u00f3vel anterior.<\/p>\n<p>Por outro lado, os dados da Pnad indicam que a for\u00e7a de trabalho (pessoas ocupadas e desocupadas) cresceu em 0,5% no trimestre de dezembro de 2016 a fevereiro de 2017, estimada em 102,9 milh\u00f5es de pessoas.<\/p>\n<p>Frente ao mesmo trimestre do ano anterior, a alta foi de 1,4% (acr\u00e9scimo de 1,4 milh\u00e3o de pessoas no mercado de trabalho). O IBGE ressaltou, por\u00e9m, que &#8220;a for\u00e7a de trabalho cresceu devido ao aumento da popula\u00e7\u00e3o desocupada\u201d, ou seja, aumentou o n\u00famero de pessoas que passaram a procurar trabalho.<\/p>\n<p>Carteira assinada<\/p>\n<p>O n\u00famero de trabalhadores do setor privado com carteira assinada continua em queda. O trimestre m\u00f3vel encerrado em fevereiro fechou com 33,7 milh\u00f5es de pessoas com carteira assinada no setor, um recuo de 1% em rela\u00e7\u00e3o ao trimestre m\u00f3vel anterior e de de 3,3% (1,1 milh\u00e3o de pessoas) se comparado ao mesmo trimestre de 2016.<\/p>\n<p>J\u00e1 o n\u00famero de trabalhadores no setor privado sem carteira assinada, que em fevereiro foi de 10,3 milh\u00f5es, ficou est\u00e1vel em rela\u00e7\u00e3o ao trimestre anterior. Em rela\u00e7\u00e3o ao mesmo trimestre do ano passado, houve um crescimento de 5,5% (ou mais 531 mil pessoas).<\/p>\n<p>O n\u00famero de trabalhadores por conta pr\u00f3pria ficou est\u00e1vel na compara\u00e7\u00e3o com o trimestre anterior em 22,2 milh\u00f5es de pessoas, mas recuou 4,8% (1,1 mil pessoas) em rela\u00e7\u00e3o ao mesmo trimestre de 2016.<\/p>\n<p>Agricultura e Constru\u00e7\u00e3o<\/p>\n<p>A pesquisa aponta ainda que os setores da agricultura e da constru\u00e7\u00e3o fecharam fevereiro com o menor n\u00famero de trabalhadores desde 2012. No caso da agricultura, havia em fevereiro 8,8 milh\u00f5es de trabalhadores, e na constru\u00e7\u00e3o, 6,9 milh\u00f5es.<\/p>\n<p>No sentido inverso, Alojamento e Alimenta\u00e7\u00e3o atingiu o maior contingente de ocupados desde o in\u00edcio da s\u00e9rie da pesquisa em 2012 (5 milh\u00f5es de pessoas).<\/p>\n<p>Na compara\u00e7\u00e3o com o trimestre anterior, houve quedas na administra\u00e7\u00e3o p\u00fablica, defesa, seguridade social, educa\u00e7\u00e3o, sa\u00fade humana e servi\u00e7os sociais (-4,4%,) e na ind\u00fastria geral (-2%); e altas em alojamento e alimenta\u00e7\u00e3o (+3,5%) e informa\u00e7\u00e3o, comunica\u00e7\u00e3o e atividades financeiras, imobili\u00e1rias, profissionais e administrativas (+2,2% ou +215 mil pessoas). Os demais grupamentos se mantiveram est\u00e1veis. <\/p>\n<p>Nielmar de Oliveira &#8211; Rep\u00f3rter da Ag\u00eancia Brasil<br \/>\nEdi\u00e7\u00e3o: Lidia Neves<br \/>\n03\/04\/2017<\/p>\n","protected":false},"excerpt":{"rendered":"<p>A taxa de desocupa\u00e7\u00e3o do pa\u00eds fechou o trimestre m\u00f3vel de dezembro do ano passado a fevereiro deste ano em 13,2%, alta de de 1,3 ponto percentual frente ao trimestre m\u00f3vel anterior. Com o resultado, a popula\u00e7\u00e3o desocupada do pa\u00eds chegou a 13,5 milh\u00f5es de trabalhadores, um novo recorde tanto da taxa quanto da popula\u00e7\u00e3o [&hellip;]<\/p>\n","protected":false},"author":2,"featured_media":57585,"comment_status":"open","ping_status":"closed","sticky":false,"template":"","format":"standard","meta":{"tdm_status":"","tdm_grid_status":"","footnotes":""},"categories":[22,7],"tags":[],"class_list":{"0":"post-110408","1":"post","2":"type-post","3":"status-publish","4":"format-standard","5":"has-post-thumbnail","7":"category-brasil","8":"category-economia"},"_links":{"self":[{"href":"https:\/\/migracao.redenoticia.com.br\/noticia\/wp-json\/wp\/v2\/posts\/110408","targetHints":{"allow":["GET"]}}],"collection":[{"href":"https:\/\/migracao.redenoticia.com.br\/noticia\/wp-json\/wp\/v2\/posts"}],"about":[{"href":"https:\/\/migracao.redenoticia.com.br\/noticia\/wp-json\/wp\/v2\/types\/post"}],"author":[{"embeddable":true,"href":"https:\/\/migracao.redenoticia.com.br\/noticia\/wp-json\/wp\/v2\/users\/2"}],"replies":[{"embeddable":true,"href":"https:\/\/migracao.redenoticia.com.br\/noticia\/wp-json\/wp\/v2\/comments?post=110408"}],"version-history":[{"count":0,"href":"https:\/\/migracao.redenoticia.com.br\/noticia\/wp-json\/wp\/v2\/posts\/110408\/revisions"}],"wp:featuredmedia":[{"embeddable":true,"href":"https:\/\/migracao.redenoticia.com.br\/noticia\/wp-json\/wp\/v2\/media\/57585"}],"wp:attachment":[{"href":"https:\/\/migracao.redenoticia.com.br\/noticia\/wp-json\/wp\/v2\/media?parent=110408"}],"wp:term":[{"taxonomy":"category","embeddable":true,"href":"https:\/\/migracao.redenoticia.com.br\/noticia\/wp-json\/wp\/v2\/categories?post=110408"},{"taxonomy":"post_tag","embeddable":true,"href":"https:\/\/migracao.redenoticia.com.br\/noticia\/wp-json\/wp\/v2\/tags?post=110408"}],"curies":[{"name":"wp","href":"https:\/\/api.w.org\/{rel}","templated":true}]}}