{"id":11046,"date":"2009-09-08T19:34:15","date_gmt":"2009-09-08T23:34:15","guid":{"rendered":"http:\/\/www.redenoticia.com.br\/noticia\/?p=11046"},"modified":"2009-09-08T19:36:02","modified_gmt":"2009-09-08T23:36:02","slug":"climatempo-%e2%80%93-chuva-intensa-e-vento-forte-continuam-nesta-quarta-feira-0908","status":"publish","type":"post","link":"https:\/\/migracao.redenoticia.com.br\/noticia\/2009\/climatempo-%e2%80%93-chuva-intensa-e-vento-forte-continuam-nesta-quarta-feira-0908\/11046","title":{"rendered":"Climatempo \u2013 chuva intensa e vento forte continuam nesta quarta-feira (09\/08)"},"content":{"rendered":"<p><strong><a href=\"https:\/\/migracao.redenoticia.com.br\/noticia\/imagens\/\/climatempo.jpg\"><img loading=\"lazy\" decoding=\"async\" class=\"alignleft size-full wp-image-10683\" title=\"climatempo\" src=\"https:\/\/migracao.redenoticia.com.br\/noticia\/imagens\/\/climatempo.jpg\" alt=\"climatempo\" width=\"150\" height=\"113\" srcset=\"https:\/\/migracao.redenoticia.com.br\/noticia\/imagens\/climatempo.jpg 150w, https:\/\/migracao.redenoticia.com.br\/noticia\/imagens\/climatempo-148x112.jpg 148w\" sizes=\"auto, (max-width: 150px) 100vw, 150px\" \/><\/a>Climatempo<\/strong> \u00a0&#8211; A chegada de uma frente fria trouxe temporais para o Estado de S\u00e3o Paulo. As nuvens pesadas come\u00e7aram a entrar no Estado ainda na madrugada e no in\u00edcio da manh\u00e3 chegaram tamb\u00e9m a Grande S\u00e3o Paulo, provocando chuva e ventos fortes. esde 7 horas da manh\u00e3, praticamente n\u00e3o parou de chover na cidade de S\u00e3o Paulo. Pela medi\u00e7\u00e3o da esta\u00e7\u00e3o meteorol\u00f3gica autom\u00e1tica do Inmet, no Mirante de Santana, na zona da capital, j\u00e1 s\u00e3o 66,2 mil\u00edmetros\u00a0 acumulados entre 7h e 17h. Isto corresponde a 90% da m\u00e9dia de chuva para setembro que \u00e9 de de aproximadamente 74 mil\u00edmetros.\u00a0 As rajadas de vento no local chegaram a 53 km\/h, \u00e0s 8 e \u00e0s 9 horas da manh\u00e3.<br \/>\nNa Baixada Santista, a base \u00e1rea do Guaruj\u00e1 registrou ventos de 87 km\/h, por volta das 7 horas. Em Iguape, no litoral sul, os ventos chegaram a 74 km\/h. Na regi\u00e3o de Campinas, o aeroporto de Viracopos registrou ventos de 74 km\/h, ao meio-dia. Houve queda de granizo em cidades da regi\u00e3o. Em Itapeva, no sul do Estado de S\u00e3o Paulo, os ventos chegaram a 71 km\/h e choveu 66 mil\u00edmetros entre 5 horas da madrugada e 9 horas da manh\u00e3 de hoje. Na regi\u00e3o de Piracicaba as rajadas chegaram a 64 km\/h e tamb\u00e9m houve queda de pequenos granizos.<\/p>\n<p>Esta nova frente fria que chegou a S\u00e3o Paulo encontrou um ar muito quente, o que facilitou o crescimento das grandes nuvens que provocaram a chuvarada e a ventania. Por volta das 6 horas da manh\u00e3 desta ter\u00e7a-feira, os term\u00f4metros superavam os 20\u00baC em praticamente todo o Estado de S\u00e3o Paulo. Estas nuvens s\u00e3o conhecidas como cumulonimbus e provocam tamb\u00e9m os raios.\u00a0 Elas podem se formar em qualquer \u00e9poca do ano, desde que as condi\u00e7\u00f5es atmosf\u00e9ricas sejam favor\u00e1veis. Dois ingredientes s\u00e3o b\u00e1sicos: muita umidade e calor.<\/p>\n<p>O calor de 34\u00baC que fez na tarde de hoje no norte de S\u00e3o Paulo indica que a atmosfera continua explosiva. Nuvens carregadas continuam crescendo no Estado at\u00e9 a noite de hoje e v\u00e3o provocar outros eventos de chuva forte e de ventania.\u00a0 Na regi\u00e3o de Bauru, os ventos chegaram 65 km\/h, por volta das 14h30, na regi\u00e3o do aeroporto local. Em Ribeir\u00e3o Preto foram constatas rajadas de 54 km\/h, \u00e0s 15 horas.<\/p>\n<p>Foi a proximidade desta nova frente fria que for\u00e7ou o aumento dos ventos no fim da manh\u00e3 na cidade do Rio de Janeiro. V\u00e1rias rajadas superiores a 48 km\/h j\u00e1 foram observadas em diversos pontos da cidade. As mais fortes chegaram a 91 km\/h no forte de Copacabana (zona sul), \u00e0s 2 horas da tarde. Por volta do meio-dia, as rajadas chegaram aos 65 km\/h\u00a0 no Campo dos Afonsos\u00a0 e a 67 kn\/h no aeroporto Tom Jobim.<\/p>\n<p>Nesta quarta-feira, a frente fria continua perto de S\u00e3o Paulo e vai manter tamb\u00e9m a forma\u00e7\u00e3o de nuvens pesadas por quase todo o Sul do Brasil. A situa\u00e7\u00e3o de alerta permanece. Os Estados de S\u00e3o Paulo, Mato Grosso do Sul, e principalmente o Paran\u00e1 e Santa Catarina, ainda poder\u00e3o sofrer com chuvas intensas e ventos fortes.<\/p>\n<p>Sobre o Grupo Climatempo \u2013 O Grupo Climatempo \u00e9 a maior empresa privada de meteorologia do pa\u00eds. Uma holding formada pela Climatempo Consultoria, Ag\u00eancia Climatempo, a TV Climatempo e a CLIMANET (Internet, servi\u00e7os de tecnologia e inform\u00e1tica). Atualmente, o Grupo Climatempo fornece conte\u00fado para os principais portais do pa\u00eds, mais de 50 retransmissoras de televis\u00e3o do Brasil, r\u00e1dios e tem cerca de mil clientes. Os dois principais segmentos atendidos s\u00e3o o de agroneg\u00f3cios e meios de comunica\u00e7\u00e3o. Al\u00e9m destes, fornece conte\u00fado meteorol\u00f3gico estrat\u00e9gico para produtoras, a ind\u00fastria eletroeletr\u00f4nica e t\u00eaxtil, com\u00e9rcio, moda e turismo, constru\u00e7\u00e3o civil, setor de energia, entre outros setores.<\/p>\n","protected":false},"excerpt":{"rendered":"<p>Climatempo \u00a0&#8211; A chegada de uma frente fria trouxe temporais para o Estado de S\u00e3o Paulo. As nuvens pesadas come\u00e7aram a entrar no Estado ainda na madrugada e no in\u00edcio da manh\u00e3 chegaram tamb\u00e9m a Grande S\u00e3o Paulo, provocando chuva e ventos fortes. esde 7 horas da manh\u00e3, praticamente n\u00e3o parou de chover na cidade [&hellip;]<\/p>\n","protected":false},"author":3,"featured_media":0,"comment_status":"open","ping_status":"open","sticky":false,"template":"","format":"standard","meta":{"tdm_status":"","tdm_grid_status":"","footnotes":""},"categories":[22,327],"tags":[],"class_list":{"0":"post-11046","1":"post","2":"type-post","3":"status-publish","4":"format-standard","6":"category-brasil","7":"category-clima"},"_links":{"self":[{"href":"https:\/\/migracao.redenoticia.com.br\/noticia\/wp-json\/wp\/v2\/posts\/11046","targetHints":{"allow":["GET"]}}],"collection":[{"href":"https:\/\/migracao.redenoticia.com.br\/noticia\/wp-json\/wp\/v2\/posts"}],"about":[{"href":"https:\/\/migracao.redenoticia.com.br\/noticia\/wp-json\/wp\/v2\/types\/post"}],"author":[{"embeddable":true,"href":"https:\/\/migracao.redenoticia.com.br\/noticia\/wp-json\/wp\/v2\/users\/3"}],"replies":[{"embeddable":true,"href":"https:\/\/migracao.redenoticia.com.br\/noticia\/wp-json\/wp\/v2\/comments?post=11046"}],"version-history":[{"count":0,"href":"https:\/\/migracao.redenoticia.com.br\/noticia\/wp-json\/wp\/v2\/posts\/11046\/revisions"}],"wp:attachment":[{"href":"https:\/\/migracao.redenoticia.com.br\/noticia\/wp-json\/wp\/v2\/media?parent=11046"}],"wp:term":[{"taxonomy":"category","embeddable":true,"href":"https:\/\/migracao.redenoticia.com.br\/noticia\/wp-json\/wp\/v2\/categories?post=11046"},{"taxonomy":"post_tag","embeddable":true,"href":"https:\/\/migracao.redenoticia.com.br\/noticia\/wp-json\/wp\/v2\/tags?post=11046"}],"curies":[{"name":"wp","href":"https:\/\/api.w.org\/{rel}","templated":true}]}}