{"id":110461,"date":"2017-04-04T00:11:57","date_gmt":"2017-04-04T03:11:57","guid":{"rendered":"http:\/\/www.redenoticia.com.br\/noticia\/?p=110461"},"modified":"2017-04-03T15:12:58","modified_gmt":"2017-04-03T18:12:58","slug":"republica-dominicana-exige-vacinacao-da-febre-amarela-a-viajantes-do-brasil","status":"publish","type":"post","link":"https:\/\/migracao.redenoticia.com.br\/noticia\/2017\/republica-dominicana-exige-vacinacao-da-febre-amarela-a-viajantes-do-brasil\/110461","title":{"rendered":"Rep\u00fablica Dominicana exige vacina\u00e7\u00e3o da febre amarela a viajantes do Brasil"},"content":{"rendered":"<p> O Minist\u00e9rio da Sa\u00fade P\u00fablica da Rep\u00fablica Dominicana informou que exige o certificado de <strong><em>vacina\u00e7\u00e3o contra a febre amarela<\/em><\/strong> a viajantes provenientes do Brasil, onde diversos casos da doen\u00e7a foram registrados em alguns estados. A informa\u00e7\u00e3o \u00e9 da ag\u00eancia EFE.<\/p>\n<p>&#8220;A dire\u00e7\u00e3o-geral de Migra\u00e7\u00e3o est\u00e1 recebendo a informa\u00e7\u00e3o dos viajantes que entram no pa\u00eds com antecedentes de terem estado em alguma \u00e1rea desses estados na \u00faltima semana. Aos viajantes \u00e9 perguntado se eles foram vacinados contra a febre amarela e se t\u00eam consigo o certificado internacional de vacina\u00e7\u00e3o&#8221;, informou o \u00f3rg\u00e3o.<\/p>\n<p>No entanto, as autoridades de Sa\u00fade dominicanas negaram que exijam certificado de vacina\u00e7\u00e3o contra a febre amarela a todos os viajantes provenientes da Am\u00e9rica do Sul, como foi informado em alguns ve\u00edculos da imprensa local.<\/p>\n<p>&#8220;Para os pa\u00edses como a Rep\u00fablica Dominicana, onde n\u00e3o h\u00e1 casos desta doen\u00e7a, a recomenda\u00e7\u00e3o da Organiza\u00e7\u00e3o Pan-Americana da Sa\u00fade (OPAS) \u00e9 fortalecer a vigil\u00e2ncia epidemiol\u00f3gica com o prop\u00f3sito de detectar casos importados&#8221;, acrescentou o minist\u00e9rio.<\/p>\n<p>De acordo com o \u00f3rg\u00e3o, em janeiro a OPAS emitiu um alerta epidemiol\u00f3gico que apresentava um resumo do que aconteceu na regi\u00e3o durante 2016, sobretudo em Brasil, Col\u00f4mbia e Peru.<\/p>\n<p>Com base nisso, recomenda que perante o aumento de casos confirmados de febre amarela em pa\u00edses da regi\u00e3o, os Estados-membros devem continuar os esfor\u00e7os para detectar, confirmar e tratar adequada e oportunamente os casos em um contexto de circula\u00e7\u00e3o de v\u00e1rios arbov\u00edrus.<\/p>\n<p>Os especialistas distinguem a febre amarela em dois tipos, que se diferenciam pelo mosquito transmissor: a silvestre, transmitida por Haemagogus e o Sabethes, que ataca principalmente os macacos; e a urbana, transmitida pelo Aedes aegypti, o mesmo vetor de dengue, zika e chicungunha.<\/p>\n<p>Ag\u00eancia Brasil<br \/>\nDa Ag\u00eancia EFE<br \/>\nEdi\u00e7\u00e3o: Maria Claudia<br \/>\n04\/04\/2017<\/p>\n","protected":false},"excerpt":{"rendered":"<p>O Minist\u00e9rio da Sa\u00fade P\u00fablica da Rep\u00fablica Dominicana informou que exige o certificado de vacina\u00e7\u00e3o contra a febre amarela a viajantes provenientes do Brasil, onde diversos casos da doen\u00e7a foram registrados em alguns estados. A informa\u00e7\u00e3o \u00e9 da ag\u00eancia EFE. &#8220;A dire\u00e7\u00e3o-geral de Migra\u00e7\u00e3o est\u00e1 recebendo a informa\u00e7\u00e3o dos viajantes que entram no pa\u00eds com [&hellip;]<\/p>\n","protected":false},"author":2,"featured_media":34747,"comment_status":"open","ping_status":"closed","sticky":false,"template":"","format":"standard","meta":{"tdm_status":"","tdm_grid_status":"","footnotes":""},"categories":[22,5],"tags":[],"class_list":{"0":"post-110461","1":"post","2":"type-post","3":"status-publish","4":"format-standard","5":"has-post-thumbnail","7":"category-brasil","8":"category-saude-e-vida"},"_links":{"self":[{"href":"https:\/\/migracao.redenoticia.com.br\/noticia\/wp-json\/wp\/v2\/posts\/110461","targetHints":{"allow":["GET"]}}],"collection":[{"href":"https:\/\/migracao.redenoticia.com.br\/noticia\/wp-json\/wp\/v2\/posts"}],"about":[{"href":"https:\/\/migracao.redenoticia.com.br\/noticia\/wp-json\/wp\/v2\/types\/post"}],"author":[{"embeddable":true,"href":"https:\/\/migracao.redenoticia.com.br\/noticia\/wp-json\/wp\/v2\/users\/2"}],"replies":[{"embeddable":true,"href":"https:\/\/migracao.redenoticia.com.br\/noticia\/wp-json\/wp\/v2\/comments?post=110461"}],"version-history":[{"count":0,"href":"https:\/\/migracao.redenoticia.com.br\/noticia\/wp-json\/wp\/v2\/posts\/110461\/revisions"}],"wp:featuredmedia":[{"embeddable":true,"href":"https:\/\/migracao.redenoticia.com.br\/noticia\/wp-json\/wp\/v2\/media\/34747"}],"wp:attachment":[{"href":"https:\/\/migracao.redenoticia.com.br\/noticia\/wp-json\/wp\/v2\/media?parent=110461"}],"wp:term":[{"taxonomy":"category","embeddable":true,"href":"https:\/\/migracao.redenoticia.com.br\/noticia\/wp-json\/wp\/v2\/categories?post=110461"},{"taxonomy":"post_tag","embeddable":true,"href":"https:\/\/migracao.redenoticia.com.br\/noticia\/wp-json\/wp\/v2\/tags?post=110461"}],"curies":[{"name":"wp","href":"https:\/\/api.w.org\/{rel}","templated":true}]}}