{"id":11050,"date":"2009-09-09T00:20:52","date_gmt":"2009-09-09T04:20:52","guid":{"rendered":"http:\/\/www.redenoticia.com.br\/noticia\/?p=11050"},"modified":"2009-09-08T19:48:52","modified_gmt":"2009-09-08T23:48:52","slug":"previsao-do-tempo-alerta-sobre-chuva-forte-no-brasil-0909","status":"publish","type":"post","link":"https:\/\/migracao.redenoticia.com.br\/noticia\/2009\/previsao-do-tempo-alerta-sobre-chuva-forte-no-brasil-0909\/11050","title":{"rendered":"Previs\u00e3o do tempo alerta sobre chuva forte no Brasil (09\/09)"},"content":{"rendered":"<p><a href=\"https:\/\/migracao.redenoticia.com.br\/noticia\/imagens\/\/previsaotempo0909.jpg\"><img loading=\"lazy\" decoding=\"async\" class=\"alignleft size-full wp-image-11051\" title=\"previsaotempo0909\" src=\"https:\/\/migracao.redenoticia.com.br\/noticia\/imagens\/\/previsaotempo0909.jpg\" alt=\"previsaotempo0909\" width=\"150\" height=\"113\" srcset=\"https:\/\/migracao.redenoticia.com.br\/noticia\/imagens\/previsaotempo0909.jpg 150w, https:\/\/migracao.redenoticia.com.br\/noticia\/imagens\/previsaotempo0909-148x112.jpg 148w\" sizes=\"auto, (max-width: 150px) 100vw, 150px\" \/><\/a>Nesta quarta-feira (09\/09), o dia ser\u00e1 nublado e com pancadas de chuva entre o norte do RS, SC, PR, SP, sul de GO, Tri\u00e2ngulo Mineiro e sul de MG. Toda esta instabilidade \u00e9 provada por uma frente fria. Em toda esta \u00e1rea espera-se temporais localizados, e acumulados significativos no centro-leste de SC. No MT, centro-norte de GO, DF, TO e sul do PA, o sol aparecer\u00e1 mas tamb\u00e9m haver\u00e1 condi\u00e7\u00f5es para ocorr\u00eancia de pancadas de chuva. As chuvas ocorrer\u00e3o de maneira fraca e isolada nas demais \u00e1reas do MS, e tamb\u00e9m no litoral da Regi\u00e3o Nordeste, entre RN e a BA. Tempo nublado entre o oeste e sul do RS, e todo centro-leste da Regi\u00e3o Nordeste. Nas demais \u00e1reas do pa\u00eds, varia\u00e7\u00e3o de nebulosidade. As temperaturas estar\u00e3o em decl\u00ednio sobre o Sul do Brasil, e sobre oeste e sul do MS.\u00a0<\/p>\n<p><strong>Previs\u00e3o do tempo na Regi\u00e3o Sudeste do Brasil <\/strong>&#8211; Em SP, sul e sudoeste de MG: sol entre muitas nuvens e pancadas de chuva localmente forte a qualquer hora do dia. No nordeste de MG e no norte do ES: sol entre muitas nuvens. Nas demais \u00e1reas da Regi\u00e3o: sol entre poucas nuvens. As temperaturas m\u00e1ximas estar\u00e3o em decl\u00ednio no leste de SP. Temperatura m\u00e1xima: 32C no norte de SP. Temperatura m\u00ednima: 14C na Serra da Mantiqueira.<\/p>\n<p><strong>Previs\u00e3o do tempo na Regi\u00e3o Sul do Brasil<\/strong> &#8211; No oeste do PR e no noroeste do RS: encoberto com chuva isolada a qualquer hora do dia. No norte do PR: poss\u00edveis temporais com rajadas de vento e possibilidade de queda de granizo. No centro-sul do RS: sol entre muitas nuvens. Nas demais \u00e1reas da Regi\u00e3o: nublado com chuva forte a qualquer hora do dia. As temperaturas estar\u00e3o em decl\u00ednio na Regi\u00e3o. Temperatura m\u00e1xima: 28C no norte do PR. Temperatura m\u00ednima: 06C na Serra Geral.<\/p>\n<p><strong>Previs\u00e3o do tempo na Regi\u00e3o Centro-Oeste do Brasil<\/strong> &#8211; No centro-sudoeste de MS: encoberto com chuva isolada a qualquer hora do dia. No leste de GO: sol entre poucas nuvens. Nas demais \u00e1reas da Regi\u00e3o: sol com varia\u00e7\u00e3o de nuvens e pancadas isoladas de chuva. As temperaturas estar\u00e3o em decl\u00ednio em MS. Temperatura m\u00e1xima: 38C no norte de MT. Temperatura m\u00ednima: 13C no sul de MS.<\/p>\n<p><strong>Previs\u00e3o do tempo na Regi\u00e3o Nordeste do Brasil<\/strong> \u2013 No litoral leste da Regi\u00e3o: inst\u00e1vel com varia\u00e7\u00e3o de nuvens e chuva a qualquer hora do dia. No nordeste do CE: sol com nebulosidade vari\u00e1vel e uma pequena possibilidade de pancadas de chuva. No MA, no PI e no oeste da BA: sol entre poucas nuvens. Nas demais \u00e1reas da Regi\u00e3o: sol entre muitas nuvens. As temperaturas seguir\u00e3o est\u00e1veis. Temperatura m\u00e1xima: 38C no norte do PI. Temperatura m\u00ednima: 15C no sudeste da BA.<\/p>\n<p><strong>Previs\u00e3o do tempo na Regi\u00e3o Norte do Brasil &#8211; \u00a0<\/strong>No AC: sol com varia\u00e7\u00e3o de nuvens. No leste do TO, no centro-norte do PA, no centro-sul do AP, no centro-nordeste do AM e em RR: sol entre poucas nuvens. Nas demais \u00e1reas da Regi\u00e3o: sol com varia\u00e7\u00e3o de nuvens e pancadas isoladas de chuva. Temperatura m\u00e1xima: 42C no sul do AM. Temperatura m\u00ednima: 17C no norte do AP.<\/p>\n<p>Fonte CPTEC\/INPE<\/p>\n","protected":false},"excerpt":{"rendered":"<p>Nesta quarta-feira (09\/09), o dia ser\u00e1 nublado e com pancadas de chuva entre o norte do RS, SC, PR, SP, sul de GO, Tri\u00e2ngulo Mineiro e sul de MG. Toda esta instabilidade \u00e9 provada por uma frente fria. Em toda esta \u00e1rea espera-se temporais localizados, e acumulados significativos no centro-leste de SC. No MT, centro-norte [&hellip;]<\/p>\n","protected":false},"author":3,"featured_media":0,"comment_status":"open","ping_status":"open","sticky":false,"template":"","format":"standard","meta":{"tdm_status":"","tdm_grid_status":"","footnotes":""},"categories":[22,327],"tags":[],"class_list":{"0":"post-11050","1":"post","2":"type-post","3":"status-publish","4":"format-standard","6":"category-brasil","7":"category-clima"},"_links":{"self":[{"href":"https:\/\/migracao.redenoticia.com.br\/noticia\/wp-json\/wp\/v2\/posts\/11050","targetHints":{"allow":["GET"]}}],"collection":[{"href":"https:\/\/migracao.redenoticia.com.br\/noticia\/wp-json\/wp\/v2\/posts"}],"about":[{"href":"https:\/\/migracao.redenoticia.com.br\/noticia\/wp-json\/wp\/v2\/types\/post"}],"author":[{"embeddable":true,"href":"https:\/\/migracao.redenoticia.com.br\/noticia\/wp-json\/wp\/v2\/users\/3"}],"replies":[{"embeddable":true,"href":"https:\/\/migracao.redenoticia.com.br\/noticia\/wp-json\/wp\/v2\/comments?post=11050"}],"version-history":[{"count":0,"href":"https:\/\/migracao.redenoticia.com.br\/noticia\/wp-json\/wp\/v2\/posts\/11050\/revisions"}],"wp:attachment":[{"href":"https:\/\/migracao.redenoticia.com.br\/noticia\/wp-json\/wp\/v2\/media?parent=11050"}],"wp:term":[{"taxonomy":"category","embeddable":true,"href":"https:\/\/migracao.redenoticia.com.br\/noticia\/wp-json\/wp\/v2\/categories?post=11050"},{"taxonomy":"post_tag","embeddable":true,"href":"https:\/\/migracao.redenoticia.com.br\/noticia\/wp-json\/wp\/v2\/tags?post=11050"}],"curies":[{"name":"wp","href":"https:\/\/api.w.org\/{rel}","templated":true}]}}