{"id":110541,"date":"2017-04-04T16:32:34","date_gmt":"2017-04-04T19:32:34","guid":{"rendered":"http:\/\/www.redenoticia.com.br\/noticia\/?p=110541"},"modified":"2017-04-04T11:43:32","modified_gmt":"2017-04-04T14:43:32","slug":"resumo-novela-carinha-de-anjo-0504-madre-superiora-chama-cecilia-para-uma-conversa","status":"publish","type":"post","link":"https:\/\/migracao.redenoticia.com.br\/noticia\/2017\/resumo-novela-carinha-de-anjo-0504-madre-superiora-chama-cecilia-para-uma-conversa\/110541","title":{"rendered":"Resumo novela \u201cCarinha de Anjo\u201d 05\/04: Madre Superiora chama Cec\u00edlia para uma conversa"},"content":{"rendered":"<p><img loading=\"lazy\" decoding=\"async\" class=\"alignleft size-thumbnail wp-image-99331\" src=\"https:\/\/migracao.redenoticia.com.br\/noticia\/imagens\/carinha_de_anjo_sbt_novela_resumo_capitulo-150x112.jpg\" alt=\"carinha_de_anjo_sbt_novela_resumo_capitulo\" width=\"150\" height=\"112\" srcset=\"https:\/\/migracao.redenoticia.com.br\/noticia\/imagens\/carinha_de_anjo_sbt_novela_resumo_capitulo-150x112.jpg 150w, https:\/\/migracao.redenoticia.com.br\/noticia\/imagens\/carinha_de_anjo_sbt_novela_resumo_capitulo-265x198.jpg 265w\" sizes=\"auto, (max-width: 150px) 100vw, 150px\" \/><strong><em>Resumo novela \u201cCarinha de Anjo\u201d 05\/04<\/em><\/strong>: no cap\u00edtulo 098(*) da novela \u201cCarinha de Anjo\u201d, resumo de quarta-feira, 05 de abril, Silvana passa um perfume muito forte. Crist\u00f3v\u00e3o tem uma crise de alergia ao se aproximar dela. Fabiana e Cec\u00edlia ajudam F\u00e1tima a fazer a faxina em sua casa. Cec\u00edlia fica o tempo todo pensativa e cabisbaixa. Ver\u00f4nica leva Crist\u00f3v\u00e3o a um hospital. Fl\u00e1vio diz a sua m\u00e3e que est\u00e1 devendo muito dinheiro. Haydee se prop\u00f5e a ajudar. Gustavo chega e Silvana diz que Crist\u00f3v\u00e3o foi ao hospital porque passou mal com o ar condicionado. Dr. Andr\u00e9 medica Crist\u00f3v\u00e3o, que fica melhor. Dulce vai \u00e0 casa de Em\u00edlio e eles brincam de super-her\u00f3i. Em\u00edlio, vestido de Super Eu, arruma uma roupa de hero\u00edna pra amiga, que se nomeia como Mega Dulce. Disfar\u00e7ados, Fl\u00e1vio e \u00c9rica se encontram para combinar o pr\u00f3ximo passo do golpe que dar\u00e3o em Rosana. Ribeiro observa tudo, escondido. Gustavo diz a Nicole que quer checar o roteiro antes da grava\u00e7\u00e3o, pois n\u00e3o quer que tenha nada que remeta a uma situa\u00e7\u00e3o \u201cm\u00e3e e filha\u201d. Frida tem a ideia de convidar Juju e seus amigos para cantarem o rap sobre a \u00e1gua na apresenta\u00e7\u00e3o do trabalho de B\u00e1rbara. Ribeiro envia uma foto de Fl\u00e1vio e \u00c9rica para Peixoto. Como a imagem est\u00e1 muito emba\u00e7ada, o delegado manda ele continuar seguindo a dupla. No entanto, Ribeiro os perde de vista. \u00c9rica percebe que est\u00e1 sendo observada e diz que precisar\u00e1 dar um tempo antes de prosseguir com o plano. Zeca e Z\u00e9 Felipe ensaiam com Fabiana. Z\u00e9 Felipe continua entediado. Gustavo descobre que o motivo da crise de Crist\u00f3v\u00e3o foi o perfume de Silvana e d\u00e1 uma bronca na secret\u00e1ria por ter mentido pra ele. Madre Superiora diz \u00e0s Irm\u00e3s que a situa\u00e7\u00e3o do col\u00e9gio \u00e9 cr\u00edtica e que possivelmente elas ter\u00e3o que usar o dinheiro do aluguel pra comprar um caminh\u00e3o pipa. Flavio resolve sumir por um tempo, pois pensa que o delegado sabe de seus planos. Dulce e Em\u00edlio est\u00e3o no quarto de Juju quando ela recebe o convite de Frida pedindo pra se encontrar com ela. Em\u00edlio e Dulce pedem pra ir junto. Madre Superiora chama Cec\u00edlia para uma conversa.<\/p>\n<p>(*) edi\u00e7\u00e3o do SBT, Novela \u201cCarinha de Anjo\u201d, sujeito a altera\u00e7\u00e3o de data e conte\u00fado.<\/p>\n<p>Carinha de Anjo \u00e9 uma telenovela brasileira produzida e exibida originalmente pelo SBT desde o dia 21 de novembro de 2016, substituindo o hor\u00e1rio anteriormente ocupado por C\u00famplices de um Resgate. A telenovela \u00e9 inspirada na mexicana Carita de \u00e1ngel, que, por sua vez, \u00e9 um remake de Mundo de juguete, ambas produzidas pela Televisa e que haviam sido baseadas na trama argentina escrita por Abel Santa Cruz, Pap\u00e1 coraz\u00f3n. Esta ser\u00e1 a segunda adapta\u00e7\u00e3o brasileira da obra original argentina, visto que a Rede Tupi apresentou em 1976 a sua primeira vers\u00e3o, chamada de Papai Cora\u00e7\u00e3o. A nova vers\u00e3o \u00e9 escrita por Leonor Corr\u00eaa, com supervis\u00e3o de \u00cdris Abravanel e dire\u00e7\u00e3o geral de Ricardo Mantoanelli. A trama conta com Lorena Queiroz, Bia Arantes, Carlo Porto, Priscila Sol, Dani Gondim, Karin Hils, Eliana Guttman e Lucero nos pap\u00e9is principais.<\/p>\n","protected":false},"excerpt":{"rendered":"<p>Resumo novela \u201cCarinha de Anjo\u201d 05\/04: no cap\u00edtulo 098(*) da novela \u201cCarinha de Anjo\u201d, resumo de quarta-feira, 05 de abril, Silvana passa um perfume muito forte. Crist\u00f3v\u00e3o tem uma crise de alergia ao se aproximar dela. Fabiana e Cec\u00edlia ajudam F\u00e1tima a fazer a faxina em sua casa. Cec\u00edlia fica o tempo todo pensativa e [&hellip;]<\/p>\n","protected":false},"author":4,"featured_media":99331,"comment_status":"open","ping_status":"closed","sticky":false,"template":"","format":"standard","meta":{"tdm_status":"","tdm_grid_status":"","footnotes":""},"categories":[452,379,372,343],"tags":[441],"class_list":{"0":"post-110541","1":"post","2":"type-post","3":"status-publish","4":"format-standard","5":"has-post-thumbnail","7":"category-carinha-de-anjo","8":"category-novelas","9":"category-sbt","10":"category-televisao","11":"tag-resumo-do-dia"},"_links":{"self":[{"href":"https:\/\/migracao.redenoticia.com.br\/noticia\/wp-json\/wp\/v2\/posts\/110541","targetHints":{"allow":["GET"]}}],"collection":[{"href":"https:\/\/migracao.redenoticia.com.br\/noticia\/wp-json\/wp\/v2\/posts"}],"about":[{"href":"https:\/\/migracao.redenoticia.com.br\/noticia\/wp-json\/wp\/v2\/types\/post"}],"author":[{"embeddable":true,"href":"https:\/\/migracao.redenoticia.com.br\/noticia\/wp-json\/wp\/v2\/users\/4"}],"replies":[{"embeddable":true,"href":"https:\/\/migracao.redenoticia.com.br\/noticia\/wp-json\/wp\/v2\/comments?post=110541"}],"version-history":[{"count":0,"href":"https:\/\/migracao.redenoticia.com.br\/noticia\/wp-json\/wp\/v2\/posts\/110541\/revisions"}],"wp:featuredmedia":[{"embeddable":true,"href":"https:\/\/migracao.redenoticia.com.br\/noticia\/wp-json\/wp\/v2\/media\/99331"}],"wp:attachment":[{"href":"https:\/\/migracao.redenoticia.com.br\/noticia\/wp-json\/wp\/v2\/media?parent=110541"}],"wp:term":[{"taxonomy":"category","embeddable":true,"href":"https:\/\/migracao.redenoticia.com.br\/noticia\/wp-json\/wp\/v2\/categories?post=110541"},{"taxonomy":"post_tag","embeddable":true,"href":"https:\/\/migracao.redenoticia.com.br\/noticia\/wp-json\/wp\/v2\/tags?post=110541"}],"curies":[{"name":"wp","href":"https:\/\/api.w.org\/{rel}","templated":true}]}}