{"id":110569,"date":"2017-04-05T00:04:34","date_gmt":"2017-04-05T03:04:34","guid":{"rendered":"http:\/\/www.redenoticia.com.br\/noticia\/?p=110569"},"modified":"2017-04-04T16:06:53","modified_gmt":"2017-04-04T19:06:53","slug":"morte-por-febre-amarela-e-confirmada-em-itaperuna-no-rio","status":"publish","type":"post","link":"https:\/\/migracao.redenoticia.com.br\/noticia\/2017\/morte-por-febre-amarela-e-confirmada-em-itaperuna-no-rio\/110569","title":{"rendered":"Morte por febre amarela \u00e9 confirmada em Itaperuna, no Rio"},"content":{"rendered":"<p> A Secretaria Municipal de Sa\u00fade de Itaperuna, cidade localizada no noroeste fluminense, confirmou a morte de uma pessoa por <strong><em>febre amarela<\/em><\/strong>. A v\u00edtima, cujo nome n\u00e3o foi divulgado, \u00e9 um homem de 33 anos, que morreu em 26 de fevereiro.<\/p>\n<p> Segundo nota da secretaria, exames coletados durante a interna\u00e7\u00e3o e liberados pelo Laborat\u00f3rio Central de Sa\u00fade P\u00fablica Noel Nutels (Lacen) confirmaram como causa da morte a febre amarela.<\/p>\n<p>Na nota, o secret\u00e1rio municipal de Sa\u00fade de Itaperuna,  Alexandre Martins, tranquiliza a popula\u00e7\u00e3o da cidade informando que, no momento, n\u00e3o existe nenhum caso suspeito da doen\u00e7a na cidade.<\/p>\n<p> Felippe Flehr<br \/>\nEdi\u00e7\u00e3o: L\u00edlian Beraldo<br \/>\n05\/04\/2017<br \/>\n&#8212;<\/p>\n<p>Criada em 2007 para fortalecer o sistema p\u00fablico de comunica\u00e7\u00e3o, a EBC \u00e9 gestora da TV Brasil, TV Brasil Internacional, Ag\u00eancia Brasil, Radioag\u00eancia Nacional e do sistema p\u00fablico de R\u00e1dio, composto por oito emissoras: R\u00e1dio Nacional AM do Rio de Janeiro (1.130 KHz), R\u00e1dio Nacional AM de Bras\u00edlia (980 KHz), Nacional FM de Bras\u00edlia (96,1 MHz), R\u00e1dio MEC AM do Rio de Janeiro (800 KHz), MEC FM do Rio de Janeiro (99,3 MHz), R\u00e1dio Nacional da Amaz\u00f4nia OC (11.780 KHz e 6.180 KHz), R\u00e1dio Nacional AM do Alto Solim\u00f5es (670 KHz) e R\u00e1dio Nacional FM do Alto Solim\u00f5es (96.1 MHz). Por sua independ\u00eancia editorial, os ve\u00edculos p\u00fablicos distinguem-se dos canais estatais ou governamentais. A rede de emissoras produz conte\u00fados diferenciados que a singulariza por espelhar de maneira mais fidedigna a complexidade cultural brasileira, ocupando um espa\u00e7o complementar, n\u00e3o preenchido pelos canais privados.<\/p>\n","protected":false},"excerpt":{"rendered":"<p>A Secretaria Municipal de Sa\u00fade de Itaperuna, cidade localizada no noroeste fluminense, confirmou a morte de uma pessoa por febre amarela. A v\u00edtima, cujo nome n\u00e3o foi divulgado, \u00e9 um homem de 33 anos, que morreu em 26 de fevereiro. Segundo nota da secretaria, exames coletados durante a interna\u00e7\u00e3o e liberados pelo Laborat\u00f3rio Central de [&hellip;]<\/p>\n","protected":false},"author":2,"featured_media":37376,"comment_status":"open","ping_status":"closed","sticky":false,"template":"","format":"standard","meta":{"tdm_status":"","tdm_grid_status":"","footnotes":""},"categories":[22,5],"tags":[],"class_list":{"0":"post-110569","1":"post","2":"type-post","3":"status-publish","4":"format-standard","5":"has-post-thumbnail","7":"category-brasil","8":"category-saude-e-vida"},"_links":{"self":[{"href":"https:\/\/migracao.redenoticia.com.br\/noticia\/wp-json\/wp\/v2\/posts\/110569","targetHints":{"allow":["GET"]}}],"collection":[{"href":"https:\/\/migracao.redenoticia.com.br\/noticia\/wp-json\/wp\/v2\/posts"}],"about":[{"href":"https:\/\/migracao.redenoticia.com.br\/noticia\/wp-json\/wp\/v2\/types\/post"}],"author":[{"embeddable":true,"href":"https:\/\/migracao.redenoticia.com.br\/noticia\/wp-json\/wp\/v2\/users\/2"}],"replies":[{"embeddable":true,"href":"https:\/\/migracao.redenoticia.com.br\/noticia\/wp-json\/wp\/v2\/comments?post=110569"}],"version-history":[{"count":0,"href":"https:\/\/migracao.redenoticia.com.br\/noticia\/wp-json\/wp\/v2\/posts\/110569\/revisions"}],"wp:featuredmedia":[{"embeddable":true,"href":"https:\/\/migracao.redenoticia.com.br\/noticia\/wp-json\/wp\/v2\/media\/37376"}],"wp:attachment":[{"href":"https:\/\/migracao.redenoticia.com.br\/noticia\/wp-json\/wp\/v2\/media?parent=110569"}],"wp:term":[{"taxonomy":"category","embeddable":true,"href":"https:\/\/migracao.redenoticia.com.br\/noticia\/wp-json\/wp\/v2\/categories?post=110569"},{"taxonomy":"post_tag","embeddable":true,"href":"https:\/\/migracao.redenoticia.com.br\/noticia\/wp-json\/wp\/v2\/tags?post=110569"}],"curies":[{"name":"wp","href":"https:\/\/api.w.org\/{rel}","templated":true}]}}