{"id":110573,"date":"2017-04-05T00:06:59","date_gmt":"2017-04-05T03:06:59","guid":{"rendered":"http:\/\/www.redenoticia.com.br\/noticia\/?p=110573"},"modified":"2017-04-04T16:07:50","modified_gmt":"2017-04-04T19:07:50","slug":"vacina-contra-febre-amarela-entra-no-calendario-de-imunizacao-em-salvador","status":"publish","type":"post","link":"https:\/\/migracao.redenoticia.com.br\/noticia\/2017\/vacina-contra-febre-amarela-entra-no-calendario-de-imunizacao-em-salvador\/110573","title":{"rendered":"Vacina contra febre amarela entra no calend\u00e1rio de imuniza\u00e7\u00e3o em Salvador"},"content":{"rendered":"<p> Ap\u00f3s a confirma\u00e7\u00e3o dos primeiros casos de <strong><em>febre amarela<\/em><\/strong> em macacos de Salvador, 100 mil doses da vacina contra a doen\u00e7a foram distribu\u00eddas entre os postos da cidade. A Secretaria Municipal de Sa\u00fade informou que pode aumentar o n\u00famero de locais de atendimento para a popula\u00e7\u00e3o. Atualmente, 24 unidades de sa\u00fade fornecem a imuniza\u00e7\u00e3o.<\/p>\n<p>A quantidade de vacinas j\u00e1 aplicadas na popula\u00e7\u00e3o equivale a 25% do total autorizado pela Secretaria de Sa\u00fade do Estado da Bahia, que disponibilizou 400 mil doses depois que o caso foi confirmado na capital baiana.<\/p>\n<p>A vacina\u00e7\u00e3o contra a febre amarela agora faz parte do calend\u00e1rio de imuniza\u00e7\u00e3o do Sistema \u00danico de Sa\u00fade (SUS) e est\u00e1 dispon\u00edvel durante o ano todo, de segunda a sexta-feira, para pessoas com idade entre 9 meses e 59 anos, que forem viajar para \u00e1reas de risco ou para pa\u00edses em que a vacina \u00e9 obrigat\u00f3ria. Desde a confirma\u00e7\u00e3o do caso em macacos, no entanto, o n\u00famero de postos de imuniza\u00e7\u00e3o foi aumentado em alguns bairros, e a vacina\u00e7\u00e3o vem sendo massiva durante os fins de semana.<\/p>\n<p>Apesar da intensifica\u00e7\u00e3o da campanha e do aumento do n\u00famero de pessoas imunizadas, algumas n\u00e3o podem receber a vacina, como idosos acima de 60 anos, gestantes, lactantes at\u00e9 seis meses, pacientes em tratamento de c\u00e2ncer e pessoas imunodeprimidas. Nesses casos, a recomenda\u00e7\u00e3o \u00e9 que um m\u00e9dico seja consultado para que avalie o caso de cada paciente.<\/p>\n<p>Segundo a Secretaria Municipal de Sa\u00fade, Salvador tem seis casos confirmados de febre amarela em macacos, mas n\u00e3o h\u00e1 nenhum registro da doen\u00e7a em humanos.<\/p>\n<p>Sayonara Moreno \u2013 Correspondente da Ag\u00eancia Brasil<br \/>\nEdi\u00e7\u00e3o: Maria Claudia<br \/>\n05\/04\/2017<\/p>\n","protected":false},"excerpt":{"rendered":"<p>Ap\u00f3s a confirma\u00e7\u00e3o dos primeiros casos de febre amarela em macacos de Salvador, 100 mil doses da vacina contra a doen\u00e7a foram distribu\u00eddas entre os postos da cidade. A Secretaria Municipal de Sa\u00fade informou que pode aumentar o n\u00famero de locais de atendimento para a popula\u00e7\u00e3o. Atualmente, 24 unidades de sa\u00fade fornecem a imuniza\u00e7\u00e3o. A [&hellip;]<\/p>\n","protected":false},"author":2,"featured_media":34747,"comment_status":"open","ping_status":"closed","sticky":false,"template":"","format":"standard","meta":{"tdm_status":"","tdm_grid_status":"","footnotes":""},"categories":[22,5],"tags":[],"class_list":{"0":"post-110573","1":"post","2":"type-post","3":"status-publish","4":"format-standard","5":"has-post-thumbnail","7":"category-brasil","8":"category-saude-e-vida"},"_links":{"self":[{"href":"https:\/\/migracao.redenoticia.com.br\/noticia\/wp-json\/wp\/v2\/posts\/110573","targetHints":{"allow":["GET"]}}],"collection":[{"href":"https:\/\/migracao.redenoticia.com.br\/noticia\/wp-json\/wp\/v2\/posts"}],"about":[{"href":"https:\/\/migracao.redenoticia.com.br\/noticia\/wp-json\/wp\/v2\/types\/post"}],"author":[{"embeddable":true,"href":"https:\/\/migracao.redenoticia.com.br\/noticia\/wp-json\/wp\/v2\/users\/2"}],"replies":[{"embeddable":true,"href":"https:\/\/migracao.redenoticia.com.br\/noticia\/wp-json\/wp\/v2\/comments?post=110573"}],"version-history":[{"count":0,"href":"https:\/\/migracao.redenoticia.com.br\/noticia\/wp-json\/wp\/v2\/posts\/110573\/revisions"}],"wp:featuredmedia":[{"embeddable":true,"href":"https:\/\/migracao.redenoticia.com.br\/noticia\/wp-json\/wp\/v2\/media\/34747"}],"wp:attachment":[{"href":"https:\/\/migracao.redenoticia.com.br\/noticia\/wp-json\/wp\/v2\/media?parent=110573"}],"wp:term":[{"taxonomy":"category","embeddable":true,"href":"https:\/\/migracao.redenoticia.com.br\/noticia\/wp-json\/wp\/v2\/categories?post=110573"},{"taxonomy":"post_tag","embeddable":true,"href":"https:\/\/migracao.redenoticia.com.br\/noticia\/wp-json\/wp\/v2\/tags?post=110573"}],"curies":[{"name":"wp","href":"https:\/\/api.w.org\/{rel}","templated":true}]}}