{"id":110634,"date":"2017-04-05T16:32:23","date_gmt":"2017-04-05T19:32:23","guid":{"rendered":"https:\/\/www.redenoticia.com.br\/noticia\/?p=110634"},"modified":"2017-04-05T13:23:19","modified_gmt":"2017-04-05T16:23:19","slug":"resumo-novela-chiquititas-0604-junior-e-maria-cecilia-se-beijam-e-carol-ve","status":"publish","type":"post","link":"https:\/\/migracao.redenoticia.com.br\/noticia\/2017\/resumo-novela-chiquititas-0604-junior-e-maria-cecilia-se-beijam-e-carol-ve\/110634","title":{"rendered":"Resumo novela \u201cChiquititas\u201d 06\/04: Junior e Maria Cec\u00edlia se beijam e Carol v\u00ea"},"content":{"rendered":"<p><img loading=\"lazy\" decoding=\"async\" class=\"alignleft size-thumbnail wp-image-49690\" src=\"https:\/\/migracao.redenoticia.com.br\/noticia\/imagens\/chiquititas1-150x112.jpg\" alt=\"chiquititas\" width=\"150\" height=\"112\" \/><strong><em>Resumo novela \u201cChiquititas\u201d 06\/04<\/em><\/strong>: no cap\u00edtulo 148(*) da novela \u201cChiquititas\u201d, resumo de quinta-feira, 06 de abril, o engenheiro Ferrashi (Eduardo Fraga), amigo de Carmen, vai ao orfanato para averiguar as obras. Vivi volta correndo ao quarto ap\u00f3s ver o engenheiro e perceber que ele \u00e9 o pai de Matias (Thiago Wittner). A chiquitita conta com a ajuda das amigas para que ele n\u00e3o lhe veja. Maria Cec\u00edlia contrata Francis e lembra que ele ainda precisa passar pelo per\u00edodo de experi\u00eancia. Carmen mostra todos os c\u00f4modos do orfanato para Ferrashi. Maria desenha ela mesma ao lado de um homem e de uma mulher adulta. Carol tenta descobrir um pouco do hist\u00f3rico da pequena atrav\u00e9s dos desenhos. O engenheiro diz que a destrui\u00e7\u00e3o do por\u00e3o do orfanato \u00e9 desnecess\u00e1ria e que n\u00e3o havia necessidade desta reforma. Carmen agradece ao amigo e fica feliz em saber que estava certa. A diretora quer descobrir qual a real inten\u00e7\u00e3o de Cintia com a destrui\u00e7\u00e3o do por\u00e3o. Anoitece, Carol diz para Beto que n\u00e3o existe nenhuma ocorr\u00eancia na pol\u00edcia sobre o desaparecimento da menina e que descobriu que o nome dela \u00e9 Maria. Carol diz ainda que far\u00e1 o poss\u00edvel para ajudar a pequena e que est\u00e1 pensando em levar ela para o Orfanato Raio de Luz. Carol tamb\u00e9m conta para Beto que vai contar toda a verdade para Junior. Maria Cec\u00edlia e Junior avisam os funcion\u00e1rios do Caf\u00e9 Boutique que haver\u00e1 a grava\u00e7\u00e3o de um comercial na loja com o Tom\u00e1s Ferraz. Clarita vai visitar Beto. Carol v\u00ea Junior e Maria Cec\u00edlia se beijando na frente do Caf\u00e9 Boutique e fica decepcionada. Tati, Ana e Dani se vestem como as mais velhas para mostrarem que tamb\u00e9m s\u00e3o pr\u00e9-adolescentes e por isso querem participar de todas as conversas das chiquititas mais velhas. Chico aconselha as tr\u00eas a respeitarem a fase de cada uma e que elas curtam a inf\u00e2ncia para brincarem muito, pois ainda n\u00e3o s\u00e3o pr\u00e9-adolescentes.<\/p>\n<p>(*) edi\u00e7\u00e3o do SBT, Novela \u201cChiquititas\u201d, sujeito a altera\u00e7\u00e3o de data e conte\u00fado.<\/p>\n<p>Chiquititas gira em torno do orfanato Raio de Luz, que carrega em sua hist\u00f3ria um grande segredo envolvendo a fam\u00edlia e o dono do orfanato, Dr. Jos\u00e9 Ricardo Almeida Campos. Em um per\u00edodo anterior \u00e0 novela, exatos treze anos, sua filha Gabriela se apaixonou e ficou gr\u00e1vida de Miguel, filho de Valentina, empregada da casa dos Almeida Campos. Pouco depois, Jos\u00e9 Ricardo sequestrou sua neta, pois, como um homem conservador, ele n\u00e3o aceitava a ideia de que sua filha se envolvesse com um empregado. Como sua neta, Milena, apelidada como Mili, precisava de um lugar para morar, ele comprou um casar\u00e3o e fundou um orfanato, o Raio de Luz. Mili cresceu l\u00e1 com outras garotas que chegaram posteriormente: Bia, Ana, as irm\u00e3s Tati e Vivi, e Cris. Ao decorrer dos anos, elas se tornam uma fam\u00edlia. Elas s\u00e3o supervisionadas por Ernestina, zeladora do orfanato, e Chico, o cozinheiro amado pelas internas. Sofia, ex-governanta da fam\u00edlia Almeida Campos, \u00e9 a diretora do lugar, at\u00e9 que Carmem, irm\u00e3 de Jos\u00e9 Ricardo, entre em seu lugar. Chegam ainda mais \u00f3rf\u00e3os: Pata, Mosca, Binho e Rafa, que viviam nas ruas antes de entrarem na institui\u00e7\u00e3o. Pata e Mili tornam-se amigas rapidamente, enquanto Mosca, Binho e Rafa s\u00e3o os primeiros garotos a entrar no abrigo. As crian\u00e7as sem-teto foram ajudadas por uma doce e bela garota que tocam e mudam a vida delas, assim como as das garotas \u00f3rf\u00e3s.<\/p>\n","protected":false},"excerpt":{"rendered":"<p>Resumo novela \u201cChiquititas\u201d 06\/04: no cap\u00edtulo 148(*) da novela \u201cChiquititas\u201d, resumo de quinta-feira, 06 de abril, o engenheiro Ferrashi (Eduardo Fraga), amigo de Carmen, vai ao orfanato para averiguar as obras. Vivi volta correndo ao quarto ap\u00f3s ver o engenheiro e perceber que ele \u00e9 o pai de Matias (Thiago Wittner). A chiquitita conta com [&hellip;]<\/p>\n","protected":false},"author":4,"featured_media":49690,"comment_status":"open","ping_status":"closed","sticky":false,"template":"","format":"standard","meta":{"tdm_status":"","tdm_grid_status":"","footnotes":""},"categories":[409,379,372,343],"tags":[441],"class_list":{"0":"post-110634","1":"post","2":"type-post","3":"status-publish","4":"format-standard","5":"has-post-thumbnail","7":"category-chiquititas","8":"category-novelas","9":"category-sbt","10":"category-televisao","11":"tag-resumo-do-dia"},"_links":{"self":[{"href":"https:\/\/migracao.redenoticia.com.br\/noticia\/wp-json\/wp\/v2\/posts\/110634","targetHints":{"allow":["GET"]}}],"collection":[{"href":"https:\/\/migracao.redenoticia.com.br\/noticia\/wp-json\/wp\/v2\/posts"}],"about":[{"href":"https:\/\/migracao.redenoticia.com.br\/noticia\/wp-json\/wp\/v2\/types\/post"}],"author":[{"embeddable":true,"href":"https:\/\/migracao.redenoticia.com.br\/noticia\/wp-json\/wp\/v2\/users\/4"}],"replies":[{"embeddable":true,"href":"https:\/\/migracao.redenoticia.com.br\/noticia\/wp-json\/wp\/v2\/comments?post=110634"}],"version-history":[{"count":0,"href":"https:\/\/migracao.redenoticia.com.br\/noticia\/wp-json\/wp\/v2\/posts\/110634\/revisions"}],"wp:featuredmedia":[{"embeddable":true,"href":"https:\/\/migracao.redenoticia.com.br\/noticia\/wp-json\/wp\/v2\/media\/49690"}],"wp:attachment":[{"href":"https:\/\/migracao.redenoticia.com.br\/noticia\/wp-json\/wp\/v2\/media?parent=110634"}],"wp:term":[{"taxonomy":"category","embeddable":true,"href":"https:\/\/migracao.redenoticia.com.br\/noticia\/wp-json\/wp\/v2\/categories?post=110634"},{"taxonomy":"post_tag","embeddable":true,"href":"https:\/\/migracao.redenoticia.com.br\/noticia\/wp-json\/wp\/v2\/tags?post=110634"}],"curies":[{"name":"wp","href":"https:\/\/api.w.org\/{rel}","templated":true}]}}