{"id":11070,"date":"2009-09-09T11:11:27","date_gmt":"2009-09-09T15:11:27","guid":{"rendered":"http:\/\/www.redenoticia.com.br\/noticia\/?p=11070"},"modified":"2009-09-09T11:11:27","modified_gmt":"2009-09-09T15:11:27","slug":"emprego-industrial-inicia-recuperacao","status":"publish","type":"post","link":"https:\/\/migracao.redenoticia.com.br\/noticia\/2009\/emprego-industrial-inicia-recuperacao\/11070","title":{"rendered":"Emprego industrial inicia recupera\u00e7\u00e3o"},"content":{"rendered":"<p>Pela primeira vez em nove meses de perdas devido \u00e0 crise financeira internacional, o emprego industrial variou 0,4% de junho para julho, segundo o Instituto Brasileiro de Geografia e Estat\u00edstica (IBGE). No acumulado no ano, o n\u00edvel do pessoal ocupado na ind\u00fastria foi 5,4% menor do que em igual per\u00edodo do ano passado, resultado apoiado nos decr\u00e9scimos observados nos 14 locais e em 15 atividades. Com isso o \u00edndice de m\u00e9dia m\u00f3vel trimestral, que mostra desacelera\u00e7\u00e3o no ritmo de queda nos \u00faltimos cinco meses, em julho, praticamente, repete o patamar do m\u00eas anterior (-0,1%), respondendo, assim, ao maior dinamismo observado na produ\u00e7\u00e3o industrial nos meses mais recentes.\u00a0<\/p>\n<p>J\u00e1 com o valor da folha de pagamento real houve uma varia\u00e7\u00e3o de 0,1% em rela\u00e7\u00e3o a junho deste ano, descontada a sazonalidade. A compara\u00e7\u00e3o com o mesmo m\u00eas do ano anterior e com o acumulado do ano revelou resultados negativos (-3,9% e -1,6%, respectivamente). Descontados os efeitos sazonais, o n\u00famero de horas pagas aos trabalhadores da ind\u00fastria ficou est\u00e1vel (0%) em rela\u00e7\u00e3o ao m\u00eas anterior, ap\u00f3s ter assinalado crescimento de 0,6% em junho. Com esses resultados, o indicador de m\u00e9dia m\u00f3vel trimestral variou -0,2% entre junho e julho, registrando o d\u00e9cimo resultado negativo consecutivo, acumulando perda de 7,7%.<\/p>\n<p>Horas pagas &#8211; A estabilidade, em julho comparada a junho, do n\u00famero de horas pagas aos trabalhadores mostra que o indicador de m\u00e9dia m\u00f3vel trimestral variou -0,2% entre junho e julho, registrando o d\u00e9cimo resultado negativo consecutivo, com um ac\u00famulo, tamb\u00e9m negativo, de 7,7%. Quinze setores reduziram o n\u00famero de horas pagas na ind\u00fastria. Foram eles: meios de transporte (-11,0%), m\u00e1quinas e equipamentos (-10,3%), vestu\u00e1rio (-9%) e borracha e pl\u00e1stico (-11,0%). No entanto, os maiores impactos positivos vieram de papel e gr\u00e1fica (6,2%) e refino de petr\u00f3leo e produ\u00e7\u00e3o de \u00e1lcool (3,6%).<\/p>\n","protected":false},"excerpt":{"rendered":"<p>Pela primeira vez em nove meses de perdas devido \u00e0 crise financeira internacional, o emprego industrial variou 0,4% de junho para julho, segundo o Instituto Brasileiro de Geografia e Estat\u00edstica (IBGE). No acumulado no ano, o n\u00edvel do pessoal ocupado na ind\u00fastria foi 5,4% menor do que em igual per\u00edodo do ano passado, resultado apoiado [&hellip;]<\/p>\n","protected":false},"author":3,"featured_media":0,"comment_status":"open","ping_status":"open","sticky":false,"template":"","format":"standard","meta":{"tdm_status":"","tdm_grid_status":"","footnotes":""},"categories":[22,7],"tags":[],"class_list":{"0":"post-11070","1":"post","2":"type-post","3":"status-publish","4":"format-standard","6":"category-brasil","7":"category-economia"},"_links":{"self":[{"href":"https:\/\/migracao.redenoticia.com.br\/noticia\/wp-json\/wp\/v2\/posts\/11070","targetHints":{"allow":["GET"]}}],"collection":[{"href":"https:\/\/migracao.redenoticia.com.br\/noticia\/wp-json\/wp\/v2\/posts"}],"about":[{"href":"https:\/\/migracao.redenoticia.com.br\/noticia\/wp-json\/wp\/v2\/types\/post"}],"author":[{"embeddable":true,"href":"https:\/\/migracao.redenoticia.com.br\/noticia\/wp-json\/wp\/v2\/users\/3"}],"replies":[{"embeddable":true,"href":"https:\/\/migracao.redenoticia.com.br\/noticia\/wp-json\/wp\/v2\/comments?post=11070"}],"version-history":[{"count":0,"href":"https:\/\/migracao.redenoticia.com.br\/noticia\/wp-json\/wp\/v2\/posts\/11070\/revisions"}],"wp:attachment":[{"href":"https:\/\/migracao.redenoticia.com.br\/noticia\/wp-json\/wp\/v2\/media?parent=11070"}],"wp:term":[{"taxonomy":"category","embeddable":true,"href":"https:\/\/migracao.redenoticia.com.br\/noticia\/wp-json\/wp\/v2\/categories?post=11070"},{"taxonomy":"post_tag","embeddable":true,"href":"https:\/\/migracao.redenoticia.com.br\/noticia\/wp-json\/wp\/v2\/tags?post=11070"}],"curies":[{"name":"wp","href":"https:\/\/api.w.org\/{rel}","templated":true}]}}