{"id":110711,"date":"2017-04-06T16:33:02","date_gmt":"2017-04-06T19:33:02","guid":{"rendered":"https:\/\/www.redenoticia.com.br\/noticia\/?p=110711"},"modified":"2017-04-06T16:13:19","modified_gmt":"2017-04-06T19:13:19","slug":"resumo-novela-chiquititas-0704-matilde-coloca-as-criancas-de-joelhos-no-milho","status":"publish","type":"post","link":"https:\/\/migracao.redenoticia.com.br\/noticia\/2017\/resumo-novela-chiquititas-0704-matilde-coloca-as-criancas-de-joelhos-no-milho\/110711","title":{"rendered":"Resumo novela \u201cChiquititas\u201d 07\/04: Matilde coloca as crian\u00e7as de joelhos no milho"},"content":{"rendered":"<p><img loading=\"lazy\" decoding=\"async\" class=\"alignleft size-thumbnail wp-image-49690\" src=\"https:\/\/migracao.redenoticia.com.br\/noticia\/imagens\/chiquititas1-150x112.jpg\" alt=\"chiquititas\" width=\"150\" height=\"112\" \/><strong><em>Resumo novela \u201cChiquititas\u201d 07\/04<\/em><\/strong>: no cap\u00edtulo 149(*) da novela \u201cChiquititas\u201d, resumo de sexta-feira, 07 de abril, Clarita diz para Beto que est\u00e1 namorando um garoto chamado Francis. Tudo para fazer ci\u00fames nele. Carol conta para o irm\u00e3o, Beto, que viu Maria Cecilia e Junior se beijando. Matilde decide se vingar das chiquititas ao anoitecer. Ela manda que todos v\u00e3o at\u00e9 a sala para fazer 50 flex\u00f5es. Mosca, Pata, Mili e Bia se negam a cumprir o castigo. Matilde libera os demais e ordena que os quatro fiquem ajoelhados no milho at\u00e9 n\u00e3o aguentarem de tanta dor e choro. Ap\u00f3s algum tempo Chico aparece e interrompe o castigo. Matilde, que finge ser Ernestina, diz que n\u00e3o sabe o que lhe aconteceu para fazer isso, mas que est\u00e1 arrependida. Os joelhos das crian\u00e7as est\u00e3o at\u00e9 com sangue. Elas pensam em contar tudo para Cintia no dia seguinte, mas sabem que se fizerem isso ela ser\u00e1 demitida e Chico ficar\u00e1 triste. No dia seguinte, Ernestina, que na verdade \u00e9 Matilde, finge arrependimento e promete n\u00e3o fazer mais nada de cruel. As chiquititas decidem perdoar Ernestina e n\u00e3o contar nada para Cintia. No Caf\u00e9 Boutique, come\u00e7a os ensaios para a grava\u00e7\u00e3o do comercial com Tom\u00e1s Ferraz. Carol vai atr\u00e1s de Jos\u00e9 Ricardo e pede para que coloque Maria no orfanato Raio de Luz. Sozinha, Maria conversa com a boneca e decide que o nome dela ser\u00e1 Laura.<\/p>\n<p>(*) edi\u00e7\u00e3o do SBT, Novela \u201cChiquititas\u201d, sujeito a altera\u00e7\u00e3o de data e conte\u00fado.<\/p>\n<p>Chiquititas gira em torno do orfanato Raio de Luz, que carrega em sua hist\u00f3ria um grande segredo envolvendo a fam\u00edlia e o dono do orfanato, Dr. Jos\u00e9 Ricardo Almeida Campos. Em um per\u00edodo anterior \u00e0 novela, exatos treze anos, sua filha Gabriela se apaixonou e ficou gr\u00e1vida de Miguel, filho de Valentina, empregada da casa dos Almeida Campos. Pouco depois, Jos\u00e9 Ricardo sequestrou sua neta, pois, como um homem conservador, ele n\u00e3o aceitava a ideia de que sua filha se envolvesse com um empregado. Como sua neta, Milena, apelidada como Mili, precisava de um lugar para morar, ele comprou um casar\u00e3o e fundou um orfanato, o Raio de Luz. Mili cresceu l\u00e1 com outras garotas que chegaram posteriormente: Bia, Ana, as irm\u00e3s Tati e Vivi, e Cris. Ao decorrer dos anos, elas se tornam uma fam\u00edlia. Elas s\u00e3o supervisionadas por Ernestina, zeladora do orfanato, e Chico, o cozinheiro amado pelas internas. Sofia, ex-governanta da fam\u00edlia Almeida Campos, \u00e9 a diretora do lugar, at\u00e9 que Carmem, irm\u00e3 de Jos\u00e9 Ricardo, entre em seu lugar. Chegam ainda mais \u00f3rf\u00e3os: Pata, Mosca, Binho e Rafa, que viviam nas ruas antes de entrarem na institui\u00e7\u00e3o. Pata e Mili tornam-se amigas rapidamente, enquanto Mosca, Binho e Rafa s\u00e3o os primeiros garotos a entrar no abrigo. As crian\u00e7as sem-teto foram ajudadas por uma doce e bela garota que tocam e mudam a vida delas, assim como as das garotas \u00f3rf\u00e3s.<\/p>\n","protected":false},"excerpt":{"rendered":"<p>Resumo novela \u201cChiquititas\u201d 07\/04: no cap\u00edtulo 149(*) da novela \u201cChiquititas\u201d, resumo de sexta-feira, 07 de abril, Clarita diz para Beto que est\u00e1 namorando um garoto chamado Francis. Tudo para fazer ci\u00fames nele. Carol conta para o irm\u00e3o, Beto, que viu Maria Cecilia e Junior se beijando. Matilde decide se vingar das chiquititas ao anoitecer. Ela [&hellip;]<\/p>\n","protected":false},"author":4,"featured_media":49690,"comment_status":"open","ping_status":"closed","sticky":false,"template":"","format":"standard","meta":{"tdm_status":"","tdm_grid_status":"","footnotes":""},"categories":[409,379,372,343],"tags":[441],"class_list":{"0":"post-110711","1":"post","2":"type-post","3":"status-publish","4":"format-standard","5":"has-post-thumbnail","7":"category-chiquititas","8":"category-novelas","9":"category-sbt","10":"category-televisao","11":"tag-resumo-do-dia"},"_links":{"self":[{"href":"https:\/\/migracao.redenoticia.com.br\/noticia\/wp-json\/wp\/v2\/posts\/110711","targetHints":{"allow":["GET"]}}],"collection":[{"href":"https:\/\/migracao.redenoticia.com.br\/noticia\/wp-json\/wp\/v2\/posts"}],"about":[{"href":"https:\/\/migracao.redenoticia.com.br\/noticia\/wp-json\/wp\/v2\/types\/post"}],"author":[{"embeddable":true,"href":"https:\/\/migracao.redenoticia.com.br\/noticia\/wp-json\/wp\/v2\/users\/4"}],"replies":[{"embeddable":true,"href":"https:\/\/migracao.redenoticia.com.br\/noticia\/wp-json\/wp\/v2\/comments?post=110711"}],"version-history":[{"count":0,"href":"https:\/\/migracao.redenoticia.com.br\/noticia\/wp-json\/wp\/v2\/posts\/110711\/revisions"}],"wp:featuredmedia":[{"embeddable":true,"href":"https:\/\/migracao.redenoticia.com.br\/noticia\/wp-json\/wp\/v2\/media\/49690"}],"wp:attachment":[{"href":"https:\/\/migracao.redenoticia.com.br\/noticia\/wp-json\/wp\/v2\/media?parent=110711"}],"wp:term":[{"taxonomy":"category","embeddable":true,"href":"https:\/\/migracao.redenoticia.com.br\/noticia\/wp-json\/wp\/v2\/categories?post=110711"},{"taxonomy":"post_tag","embeddable":true,"href":"https:\/\/migracao.redenoticia.com.br\/noticia\/wp-json\/wp\/v2\/tags?post=110711"}],"curies":[{"name":"wp","href":"https:\/\/api.w.org\/{rel}","templated":true}]}}