{"id":11073,"date":"2009-09-09T11:15:05","date_gmt":"2009-09-09T15:15:05","guid":{"rendered":"http:\/\/www.redenoticia.com.br\/noticia\/?p=11073"},"modified":"2009-09-09T11:15:05","modified_gmt":"2009-09-09T15:15:05","slug":"roberto-justus-faz-turne-do-show-palestra-so-entre-nos","status":"publish","type":"post","link":"https:\/\/migracao.redenoticia.com.br\/noticia\/2009\/roberto-justus-faz-turne-do-show-palestra-so-entre-nos\/11073","title":{"rendered":"Roberto Justus faz turn\u00ea do show-palestra &#8220;s\u00f3 entre n\u00f3s&#8221;"},"content":{"rendered":"<p><a href=\"https:\/\/migracao.redenoticia.com.br\/noticia\/imagens\/\/justus.jpg\"><img loading=\"lazy\" decoding=\"async\" class=\"alignleft size-medium wp-image-11074\" title=\"justus\" src=\"https:\/\/migracao.redenoticia.com.br\/noticia\/imagens\/\/justus-249x187.jpg\" alt=\"justus\" width=\"249\" height=\"187\" srcset=\"https:\/\/migracao.redenoticia.com.br\/noticia\/imagens\/justus-249x187.jpg 249w, https:\/\/migracao.redenoticia.com.br\/noticia\/imagens\/justus-250x187.jpg 250w, https:\/\/migracao.redenoticia.com.br\/noticia\/imagens\/justus.jpg 400w, https:\/\/migracao.redenoticia.com.br\/noticia\/imagens\/justus-150x113.jpg 150w, https:\/\/migracao.redenoticia.com.br\/noticia\/imagens\/justus-265x198.jpg 265w, https:\/\/migracao.redenoticia.com.br\/noticia\/imagens\/justus-149x112.jpg 149w\" sizes=\"auto, (max-width: 249px) 100vw, 249px\" \/><\/a>Diferente e Inovador. Assim pode ser definido o show-palestra &#8220;S\u00f3 Entre N\u00f3s&#8221; de Roberto Justus. O apresentador, publicit\u00e1rio e CEO do grupo Newcomm sobe no palco, acompanhado de nove m\u00fasicos e dois backing vocals, e faz palestra de empreendedorismo com m\u00fasica. Ao inv\u00e9s de uma apresenta\u00e7\u00e3o com gr\u00e1ficos e testemunhos, como nas tradicionais palestras, Justus preparou uma temporada de shows-palestra que tem a m\u00fasica como principal instrumento de incentivo.<\/p>\n<p>O empres\u00e1rio surpreende pela forma de convergir temas da realidade empresarial com interpreta\u00e7\u00f5es de m\u00fasicas dos Beatles, Frank Sinatra, Elton John, Roberto Carlos, Tit\u00e3s, entre outras. &#8220;O objetivo \u00e9 fazer uma palestra motivacional, para todo o Brasil, de uma forma diferente. Incentivar com palavras e fatos da realidade e tamb\u00e9m entreter com can\u00e7\u00f5es o p\u00fablico&#8221;, revela Justus.<\/p>\n<p>No m\u00eas de Setembro, a turn\u00ea &#8220;S\u00f3 Entre N\u00f3s&#8221; teve in\u00edcio em Goi\u00e2nia (GO), dia 01\/09. J\u00e1 no dia 10\/09, \u00e9 a vez de S\u00e3o Caetano (SP) conferir o &#8220;S\u00f3 Entre N\u00f3s&#8221;. Campina Grande (PB) recebe Roberto Justus no dia 18\/09. No dia seguinte, 19\/09, o empres\u00e1rio se apresenta em Recife (PE). E, para fechar o m\u00eas em grande estilo, Roberto Justus no dia 24\/09 em Chapec\u00f3 (SC).<\/p>\n<p>Com a dire\u00e7\u00e3o musical de Afonso Nigro, dire\u00e7\u00e3o c\u00eanica de Marcel Guariglia e com ilumina\u00e7\u00e3o e cen\u00e1rio da Show Design, o show-palestra &#8220;S\u00f3 Entre N\u00f3s&#8221; mescla no repert\u00f3rio can\u00e7\u00f5es em ingl\u00eas e portugu\u00eas e estabelece uma intera\u00e7\u00e3o entre cantor e plateia.<\/p>\n","protected":false},"excerpt":{"rendered":"<p>Diferente e Inovador. Assim pode ser definido o show-palestra &#8220;S\u00f3 Entre N\u00f3s&#8221; de Roberto Justus. O apresentador, publicit\u00e1rio e CEO do grupo Newcomm sobe no palco, acompanhado de nove m\u00fasicos e dois backing vocals, e faz palestra de empreendedorismo com m\u00fasica. Ao inv\u00e9s de uma apresenta\u00e7\u00e3o com gr\u00e1ficos e testemunhos, como nas tradicionais palestras, Justus [&hellip;]<\/p>\n","protected":false},"author":3,"featured_media":0,"comment_status":"open","ping_status":"open","sticky":false,"template":"","format":"standard","meta":{"tdm_status":"","tdm_grid_status":"","footnotes":""},"categories":[22,343],"tags":[],"class_list":{"0":"post-11073","1":"post","2":"type-post","3":"status-publish","4":"format-standard","6":"category-brasil","7":"category-televisao"},"_links":{"self":[{"href":"https:\/\/migracao.redenoticia.com.br\/noticia\/wp-json\/wp\/v2\/posts\/11073","targetHints":{"allow":["GET"]}}],"collection":[{"href":"https:\/\/migracao.redenoticia.com.br\/noticia\/wp-json\/wp\/v2\/posts"}],"about":[{"href":"https:\/\/migracao.redenoticia.com.br\/noticia\/wp-json\/wp\/v2\/types\/post"}],"author":[{"embeddable":true,"href":"https:\/\/migracao.redenoticia.com.br\/noticia\/wp-json\/wp\/v2\/users\/3"}],"replies":[{"embeddable":true,"href":"https:\/\/migracao.redenoticia.com.br\/noticia\/wp-json\/wp\/v2\/comments?post=11073"}],"version-history":[{"count":0,"href":"https:\/\/migracao.redenoticia.com.br\/noticia\/wp-json\/wp\/v2\/posts\/11073\/revisions"}],"wp:attachment":[{"href":"https:\/\/migracao.redenoticia.com.br\/noticia\/wp-json\/wp\/v2\/media?parent=11073"}],"wp:term":[{"taxonomy":"category","embeddable":true,"href":"https:\/\/migracao.redenoticia.com.br\/noticia\/wp-json\/wp\/v2\/categories?post=11073"},{"taxonomy":"post_tag","embeddable":true,"href":"https:\/\/migracao.redenoticia.com.br\/noticia\/wp-json\/wp\/v2\/tags?post=11073"}],"curies":[{"name":"wp","href":"https:\/\/api.w.org\/{rel}","templated":true}]}}