{"id":11076,"date":"2009-09-09T11:18:07","date_gmt":"2009-09-09T15:18:07","guid":{"rendered":"http:\/\/www.redenoticia.com.br\/noticia\/?p=11076"},"modified":"2009-09-09T11:18:07","modified_gmt":"2009-09-09T15:18:07","slug":"peoplearts-adquire-temporada-de-project-runway-e-models-of-the-runway","status":"publish","type":"post","link":"https:\/\/migracao.redenoticia.com.br\/noticia\/2009\/peoplearts-adquire-temporada-de-project-runway-e-models-of-the-runway\/11076","title":{"rendered":"People+Arts adquire temporada de Project Runway e Models Of The Runway"},"content":{"rendered":"<p>Com o objetivo de trazer ao p\u00fablico s\u00e9ries de grande sucesso, o People+Arts anuncia a aquisi\u00e7\u00e3o da sexta temporada de PROJECT RUNWAY e da nova s\u00e9rie MODELS OF THE RUNWAY. Os dois programas ser\u00e3o transmitidos na Am\u00e9rica Latina, exclusivamente pelo People+Arts, o canal de entretenimento que exibe a famosa competi\u00e7\u00e3o do mundo da moda desde a sua primeira edi\u00e7\u00e3o. Estas s\u00e9ries, recentemente lan\u00e7adas nos EUA, t\u00eam sua estr\u00e9ia na Am\u00e9rica Latina em 2010.\u00a0<\/p>\n<p>&#8220;O People+Arts tem sido e continua a ser a casa do PROJECT RUNWAY, o programa que com o passar dos anos se transformou em uma das s\u00e9ries mais emocionantes em nosso canal, e imperd\u00edvel para os amantes de moda&#8221;, diz Claudia Chag\u00fci, diretora do People+Arts.<\/p>\n<p>&#8220;Com a aquisi\u00e7\u00e3o da nova temporada, e com a estreia de MODELS OF THE RUNWAY, o People+Arts se mant\u00e9m como o principal destino desta grande produ\u00e7\u00e3o, assim como seus produtos derivados&#8221;, acrescenta. &#8220;Este lan\u00e7amento refor\u00e7a o compromisso de trazer ao p\u00fablico as melhores e mais atuais produ\u00e7\u00f5es que o mundo do entretenimento pode oferecer&#8221;, completa a executiva.<\/p>\n<p>Na sexta temporada da mais disputada competi\u00e7\u00e3o do mundo da moda, PROJECT RUNWAY muda sua sede de Nova York para Los Angeles, inserindo uma grande dose de energia e proporcionando aos competidores acesso a algumas das mais populares personalidades de Hollywood. Assim, o programa contar\u00e1 com a participa\u00e7\u00e3o de jurados especiais como a cantora Christina Aguilera e as atrizes Eva Longoria e Lindsay Lohan, entre outros.<\/p>\n<p>Os membros do j\u00fari qualificar\u00e3o as cria\u00e7\u00f5es dos 16 participantes dentro dos eventos pr\u00f3prios de Hollywood como o traje do tapete vermelho, a praia e o glamour cl\u00e1ssico. A famosa modelo alem\u00e3 Heidi Klum continuar\u00e1 sendo a anfitri\u00e3.<\/p>\n<p>Por outro lado, MODELS OF THE RUNWAY acompanha o dia-a-dia de 16 modelos que tamb\u00e9m competem para se tornarem o manequim do estilista ganhador de PROJECT RUNWAY.<\/p>\n","protected":false},"excerpt":{"rendered":"<p>Com o objetivo de trazer ao p\u00fablico s\u00e9ries de grande sucesso, o People+Arts anuncia a aquisi\u00e7\u00e3o da sexta temporada de PROJECT RUNWAY e da nova s\u00e9rie MODELS OF THE RUNWAY. Os dois programas ser\u00e3o transmitidos na Am\u00e9rica Latina, exclusivamente pelo People+Arts, o canal de entretenimento que exibe a famosa competi\u00e7\u00e3o do mundo da moda desde [&hellip;]<\/p>\n","protected":false},"author":3,"featured_media":0,"comment_status":"open","ping_status":"open","sticky":false,"template":"","format":"standard","meta":{"tdm_status":"","tdm_grid_status":"","footnotes":""},"categories":[22,343],"tags":[],"class_list":{"0":"post-11076","1":"post","2":"type-post","3":"status-publish","4":"format-standard","6":"category-brasil","7":"category-televisao"},"_links":{"self":[{"href":"https:\/\/migracao.redenoticia.com.br\/noticia\/wp-json\/wp\/v2\/posts\/11076","targetHints":{"allow":["GET"]}}],"collection":[{"href":"https:\/\/migracao.redenoticia.com.br\/noticia\/wp-json\/wp\/v2\/posts"}],"about":[{"href":"https:\/\/migracao.redenoticia.com.br\/noticia\/wp-json\/wp\/v2\/types\/post"}],"author":[{"embeddable":true,"href":"https:\/\/migracao.redenoticia.com.br\/noticia\/wp-json\/wp\/v2\/users\/3"}],"replies":[{"embeddable":true,"href":"https:\/\/migracao.redenoticia.com.br\/noticia\/wp-json\/wp\/v2\/comments?post=11076"}],"version-history":[{"count":0,"href":"https:\/\/migracao.redenoticia.com.br\/noticia\/wp-json\/wp\/v2\/posts\/11076\/revisions"}],"wp:attachment":[{"href":"https:\/\/migracao.redenoticia.com.br\/noticia\/wp-json\/wp\/v2\/media?parent=11076"}],"wp:term":[{"taxonomy":"category","embeddable":true,"href":"https:\/\/migracao.redenoticia.com.br\/noticia\/wp-json\/wp\/v2\/categories?post=11076"},{"taxonomy":"post_tag","embeddable":true,"href":"https:\/\/migracao.redenoticia.com.br\/noticia\/wp-json\/wp\/v2\/tags?post=11076"}],"curies":[{"name":"wp","href":"https:\/\/api.w.org\/{rel}","templated":true}]}}