{"id":110876,"date":"2017-04-10T00:20:43","date_gmt":"2017-04-10T03:20:43","guid":{"rendered":"https:\/\/www.redenoticia.com.br\/noticia\/?p=110876"},"modified":"2018-08-13T10:38:44","modified_gmt":"2018-08-13T13:38:44","slug":"bbb-17-votacao-em-marcos-e-marinalva-movimenta-a-enquete","status":"publish","type":"post","link":"https:\/\/migracao.redenoticia.com.br\/noticia\/2017\/bbb-17-votacao-em-marcos-e-marinalva-movimenta-a-enquete\/110876","title":{"rendered":"\u201cBBB\u201d 17: vota\u00e7\u00e3o em Marcos e Marinalva movimentou a enquete"},"content":{"rendered":"<p><a href=\"https:\/\/migracao.redenoticia.com.br\/noticia\/imagens\/bbb_enquete_votacao.jpg\"><img loading=\"lazy\" decoding=\"async\" class=\"alignleft size-medium wp-image-64479\" src=\"https:\/\/migracao.redenoticia.com.br\/noticia\/imagens\/bbb_enquete_votacao-187x187.jpg\" alt=\"bbb_enquete_votacao\" width=\"187\" height=\"187\" srcset=\"https:\/\/migracao.redenoticia.com.br\/noticia\/imagens\/bbb_enquete_votacao-187x187.jpg 187w, https:\/\/migracao.redenoticia.com.br\/noticia\/imagens\/bbb_enquete_votacao.jpg 300w, https:\/\/migracao.redenoticia.com.br\/noticia\/imagens\/bbb_enquete_votacao-150x150.jpg 150w, https:\/\/migracao.redenoticia.com.br\/noticia\/imagens\/bbb_enquete_votacao-110x110.jpg 110w, https:\/\/migracao.redenoticia.com.br\/noticia\/imagens\/bbb_enquete_votacao-50x50.jpg 50w\" sizes=\"auto, (max-width: 187px) 100vw, 187px\" \/><\/a><em><strong>\u201cBBB&#8221; 17 vota\u00e7\u00e3o enquete:<\/strong><\/em> Marinalva recebeu 77,17% dos votos v\u00e1lidos e foi eliminada do programa. Este pared\u00e3o come\u00e7ou em 08\/04, quando o apresentador Tiago Leifert mostrou as dificuldades da prova do L\u00edder, os desentendimentos e conversas durante o dia pr\u00e9-pared\u00e3o. Ele confirmou a disputa do Pared\u00e3o por 2 confinados, formada pela indica\u00e7\u00e3o da L\u00edder Emilly e o mais votado pela casa. Apenas a L\u00edder tem imunidade. Logo depois, a L\u00edder Emilly indicou a Marinalva para o pared\u00e3o. Vota\u00e7\u00e3o da casa: Marcos votou na Ieda. Ieda, Vivian e Marinalva votaram no Marcos. Com os indicados definidos, Leifert deu largada na vota\u00e7\u00e3o do pared\u00e3o duplo. A vota\u00e7\u00e3o no pared\u00e3o aconteceu at\u00e9 o programa ao vivo do domingo, 09\/04. <\/p>\n<p><script type=\"text\/javascript\" charset=\"utf-8\" src=\"https:\/\/secure.polldaddy.com\/p\/9719927.js\"><\/script><br \/>\n<noscript><a href=\"https:\/\/polldaddy.com\/poll\/9719927\/\">Quem deve sair do \u201cBBB\u201d 17?<\/a><\/noscript><\/p>\n<p>Resultado parcial 11h53 09\/04<br \/>\nMarinalva 82,65% (160.425 votos); Marcos 17,35% (33.677 votos). Total de votos: 194.102.<br \/>\nResultado parcial 19h24 09\/04<br \/>\nMarinalva 82,38% (296.792 votos); Marcos 17,62% (63.476 votos). Total de votos: 360,268.<\/p>\n<p>A vota\u00e7\u00e3o oficial aconteceu no endere\u00e7o da Rede Globo<a href=\"http:\/\/gshow.globo.com\/realities\/bbb\/\"> \u201cBBB&#8221; 17.<\/a><\/p>\n<p>Fonte \u201cBBB&#8221; 17 \u2013 Vota\u00e7\u00e3o Enquete<\/p>\n<p>Not\u00edcias relacionadas:<br \/>\n<a href=\"https:\/\/migracao.redenoticia.com.br\/noticia\/2017\/bbb-17-enquete-qual-brother-nao-deve-ser-finalista\/109292\">\u201cBBB\u201d 17 enquete: qual brother n\u00e3o deve ser finalista<\/a><br \/>\n<a href=\"https:\/\/migracao.redenoticia.com.br\/noticia\/2017\/diario-bbb17\/105212\">Di\u00e1rio \u201cBBB\u201d17<\/a><br \/>\n&#8212;<br \/>\nConcorrentes que entraram na casa em 23 e 24\/01: os g\u00eameos Antonio e Manoel e Emilly e Mayla. Vivian Amorim, R\u00f4mulo Neves, Roberta Diniz, Pedro Falc\u00e3o, Mayara Rodrigues, Marinalva Almeida, Marcos Harter, Luiz Felipe, Ilmar Fonseca, Ieda, Gabriela Flor, Elis Nair e Daniel Fontes.<\/p>\n","protected":false},"excerpt":{"rendered":"<p>\u201cBBB&#8221; 17 vota\u00e7\u00e3o enquete: Marinalva recebeu 77,17% dos votos v\u00e1lidos e foi eliminada do programa. Este pared\u00e3o come\u00e7ou em 08\/04, quando o apresentador Tiago Leifert mostrou as dificuldades da prova do L\u00edder, os desentendimentos e conversas durante o dia pr\u00e9-pared\u00e3o. Ele confirmou a disputa do Pared\u00e3o por 2 confinados, formada pela indica\u00e7\u00e3o da L\u00edder Emilly [&hellip;]<\/p>\n","protected":false},"author":2,"featured_media":64479,"comment_status":"open","ping_status":"closed","sticky":false,"template":"","format":"standard","meta":{"tdm_status":"","tdm_grid_status":"","footnotes":""},"categories":[520,375,343],"tags":[440],"class_list":{"0":"post-110876","1":"post","2":"type-post","3":"status-publish","4":"format-standard","5":"has-post-thumbnail","7":"category-big-brother-brasil","8":"category-rede-globo","9":"category-televisao","10":"tag-noticia-novela"},"_links":{"self":[{"href":"https:\/\/migracao.redenoticia.com.br\/noticia\/wp-json\/wp\/v2\/posts\/110876","targetHints":{"allow":["GET"]}}],"collection":[{"href":"https:\/\/migracao.redenoticia.com.br\/noticia\/wp-json\/wp\/v2\/posts"}],"about":[{"href":"https:\/\/migracao.redenoticia.com.br\/noticia\/wp-json\/wp\/v2\/types\/post"}],"author":[{"embeddable":true,"href":"https:\/\/migracao.redenoticia.com.br\/noticia\/wp-json\/wp\/v2\/users\/2"}],"replies":[{"embeddable":true,"href":"https:\/\/migracao.redenoticia.com.br\/noticia\/wp-json\/wp\/v2\/comments?post=110876"}],"version-history":[{"count":0,"href":"https:\/\/migracao.redenoticia.com.br\/noticia\/wp-json\/wp\/v2\/posts\/110876\/revisions"}],"wp:featuredmedia":[{"embeddable":true,"href":"https:\/\/migracao.redenoticia.com.br\/noticia\/wp-json\/wp\/v2\/media\/64479"}],"wp:attachment":[{"href":"https:\/\/migracao.redenoticia.com.br\/noticia\/wp-json\/wp\/v2\/media?parent=110876"}],"wp:term":[{"taxonomy":"category","embeddable":true,"href":"https:\/\/migracao.redenoticia.com.br\/noticia\/wp-json\/wp\/v2\/categories?post=110876"},{"taxonomy":"post_tag","embeddable":true,"href":"https:\/\/migracao.redenoticia.com.br\/noticia\/wp-json\/wp\/v2\/tags?post=110876"}],"curies":[{"name":"wp","href":"https:\/\/api.w.org\/{rel}","templated":true}]}}