{"id":110895,"date":"2017-04-10T00:32:04","date_gmt":"2017-04-10T03:32:04","guid":{"rendered":"https:\/\/www.redenoticia.com.br\/noticia\/?p=110895"},"modified":"2017-04-09T18:13:26","modified_gmt":"2017-04-09T21:13:26","slug":"pos-doutorado-em-mecanica-estatistica-com-bolsa-da-fapesp-2","status":"publish","type":"post","link":"https:\/\/migracao.redenoticia.com.br\/noticia\/2017\/pos-doutorado-em-mecanica-estatistica-com-bolsa-da-fapesp-2\/110895","title":{"rendered":"P\u00f3s-Doutorado em Mec\u00e2nica Estat\u00edstica com Bolsa da FAPESP"},"content":{"rendered":"<p> Ag\u00eancia FAPESP \u2013 O Instituto de F\u00edsica de S\u00e3o Carlos da Universidade de S\u00e3o Paulo (USP) oferece uma oportunidade de <strong><em>P\u00f3s-Doutorado em Mec\u00e2nica Estat\u00edstica<\/em><\/strong> com Bolsa da FAPESP. O prazo de inscri\u00e7\u00e3o encerra em 16 de abril. A bolsa est\u00e1 ligada ao Projeto Tem\u00e1tico &#8220;&#8221;, que tem Francisco Castilo Alcaraz como pesquisador principal.<\/p>\n<p>Os interessados devem ter experi\u00eancia em pelo menos um dos t\u00f3picos \u2013 ou relacionada a eles: Aplica\u00e7\u00f5es de Teoria de Campos Conformes \u00e0 Mec\u00e2nica Estat\u00edstica ou Mat\u00e9ria Condensada; Sistemas desordenados em Mec\u00e2nica Estat\u00edstica e Mat\u00e9ria Condensada; M\u00e9todos num\u00e9ricos para c\u00e1lculos espectrais em cadeias qu\u00e2nticas (Lanczos, DMRG, t-DMRG, MERA etc.); Ansatz de Bethe e modelos exatamente integr\u00e1veis; Modelos estoc\u00e1sticos de n\u00e3o equil\u00edbrio; e Informa\u00e7\u00e3o qu\u00e2ntica em cadeias qu\u00e2nticas.<\/p>\n<p>Os candidatos devem enviar curr\u00edculo vitae, breve resumo de atividades pretendidas e de interesses de pesquisa, bem como duas cartas de recomenda\u00e7\u00e3o, para Francisco Castilo Alcaraz no endere\u00e7o alcaraz@ifsc.usp.br ou para Jos\u00e9 Abel Hoyos Neto, pesquisador principal do projeto, no endere\u00e7o hoyos@ifsc.usp.br.<\/p>\n<p>Mais informa\u00e7\u00f5es podem ser obtidas com os professores Francisco Alcaraz ou Jos\u00e9 Hoyos em seus endere\u00e7os eletr\u00f4nicos.<\/p>\n<p>A oportunidade est\u00e1 publicada em .<\/p>\n<p>O selecionado receber\u00e1 bolsa de P\u00f3s-Doutorado da FAPESP no valor de R$ 6.819,30 mensais e Reserva T\u00e9cnica. A Reserva T\u00e9cnica da bolsa de PD equivale a 15% do valor anual da bolsa e tem o objetivo de atender a despesas imprevistas e diretamente relacionadas \u00e0 atividade de pesquisa.<\/p>\n<p>Caso o bolsista resida em domic\u00edlio diferente e precise se mudar para a cidade onde se localiza a institui\u00e7\u00e3o-sede da pesquisa, poder\u00e1 ter direito a um Aux\u00edlio-Instala\u00e7\u00e3o.<\/p>\n<p>Mais informa\u00e7\u00f5es sobre a bolsa de P\u00f3s-Doutorado da FAPESP est\u00e3o dispon\u00edveis em .<\/p>\n<p>Outras vagas de bolsas de P\u00f3s-Doutorado, em diversas \u00e1reas do conhecimento, est\u00e3o no site .<\/p>\n","protected":false},"excerpt":{"rendered":"<p>Ag\u00eancia FAPESP \u2013 O Instituto de F\u00edsica de S\u00e3o Carlos da Universidade de S\u00e3o Paulo (USP) oferece uma oportunidade de P\u00f3s-Doutorado em Mec\u00e2nica Estat\u00edstica com Bolsa da FAPESP. O prazo de inscri\u00e7\u00e3o encerra em 16 de abril. A bolsa est\u00e1 ligada ao Projeto Tem\u00e1tico &#8220;&#8221;, que tem Francisco Castilo Alcaraz como pesquisador principal. Os interessados [&hellip;]<\/p>\n","protected":false},"author":2,"featured_media":34767,"comment_status":"open","ping_status":"closed","sticky":false,"template":"","format":"standard","meta":{"tdm_status":"","tdm_grid_status":"","footnotes":""},"categories":[22,351,370],"tags":[],"class_list":{"0":"post-110895","1":"post","2":"type-post","3":"status-publish","4":"format-standard","5":"has-post-thumbnail","7":"category-brasil","8":"category-cursos","9":"category-inscricao"},"_links":{"self":[{"href":"https:\/\/migracao.redenoticia.com.br\/noticia\/wp-json\/wp\/v2\/posts\/110895","targetHints":{"allow":["GET"]}}],"collection":[{"href":"https:\/\/migracao.redenoticia.com.br\/noticia\/wp-json\/wp\/v2\/posts"}],"about":[{"href":"https:\/\/migracao.redenoticia.com.br\/noticia\/wp-json\/wp\/v2\/types\/post"}],"author":[{"embeddable":true,"href":"https:\/\/migracao.redenoticia.com.br\/noticia\/wp-json\/wp\/v2\/users\/2"}],"replies":[{"embeddable":true,"href":"https:\/\/migracao.redenoticia.com.br\/noticia\/wp-json\/wp\/v2\/comments?post=110895"}],"version-history":[{"count":0,"href":"https:\/\/migracao.redenoticia.com.br\/noticia\/wp-json\/wp\/v2\/posts\/110895\/revisions"}],"wp:featuredmedia":[{"embeddable":true,"href":"https:\/\/migracao.redenoticia.com.br\/noticia\/wp-json\/wp\/v2\/media\/34767"}],"wp:attachment":[{"href":"https:\/\/migracao.redenoticia.com.br\/noticia\/wp-json\/wp\/v2\/media?parent=110895"}],"wp:term":[{"taxonomy":"category","embeddable":true,"href":"https:\/\/migracao.redenoticia.com.br\/noticia\/wp-json\/wp\/v2\/categories?post=110895"},{"taxonomy":"post_tag","embeddable":true,"href":"https:\/\/migracao.redenoticia.com.br\/noticia\/wp-json\/wp\/v2\/tags?post=110895"}],"curies":[{"name":"wp","href":"https:\/\/api.w.org\/{rel}","templated":true}]}}