{"id":110901,"date":"2017-04-10T00:37:17","date_gmt":"2017-04-10T03:37:17","guid":{"rendered":"https:\/\/www.redenoticia.com.br\/noticia\/?p=110901"},"modified":"2017-04-09T18:19:13","modified_gmt":"2017-04-09T21:19:13","slug":"instituto-de-psiquiatria-do-hc-abre-vagas-para-pacientes-voluntarios","status":"publish","type":"post","link":"https:\/\/migracao.redenoticia.com.br\/noticia\/2017\/instituto-de-psiquiatria-do-hc-abre-vagas-para-pacientes-voluntarios\/110901","title":{"rendered":"Instituto de Psiquiatria do HC abre vagas para pacientes volunt\u00e1rios"},"content":{"rendered":"<p> O Instituto de Psiquiatria do Hospital das Cl\u00ednicas de S\u00e3o Paulo est\u00e1 com inscri\u00e7\u00f5es abertas para 200 vagas voltadas ao <strong><em>tratamento de pacientes volunt\u00e1rios<\/em><\/strong> em diversos grupos de pesquisa. A participa\u00e7\u00e3o no projeto \u00e9 gratuita e inclui medica\u00e7\u00f5es, exames laboratoriais e de imagem.<\/p>\n<p>O programa envolve profissionais que analisam mais de 20 ocorr\u00eancias, como, por exemplo, autismo, depend\u00eancia tecnol\u00f3gica, depress\u00e3o, epilepsia e transtornos emocionais, entre outros. Confira, abaixo, a rela\u00e7\u00e3o dos servi\u00e7os oferecidos e como fazer inscri\u00e7\u00e3o para participar da triagem. Ao realizar o cadastro, o interessado deve informar o nome completo do paciente que deseja ser volunt\u00e1rio (ou do respons\u00e1vel, se for menor de idade), a data de nascimento, telefone e o motivo da procura pelo atendimento.<\/p>\n<p>Para esclarecer d\u00favidas, os interessados devem fazer o contato apenas com a equipe que estuda a situa\u00e7\u00e3o espec\u00edfica. Os tratamentos ser\u00e3o realizados no Instituto de Psiquiatria do Hospital das Cl\u00ednicas, localizado na Rua Dr. Ov\u00eddio Pires de Campos, 785, Cerqueira C\u00e9sar, na capital paulista (pr\u00f3ximo \u00e0 esta\u00e7\u00e3o Cl\u00ednicas, do Metr\u00f4).<\/p>\n<p>Conhe\u00e7a abaixo o p\u00fablico-alvo de cada grupo de pesquisa:<\/p>\n<p>Anorexia \u2013 Adolescentes de 12 a 17 anos com diagn\u00f3stico de anorexia nervosa ou que tenham apresentado perda de peso em curto per\u00edodo de tempo, acompanhado de medo intenso de engordar. Inscri\u00e7\u00f5es pelo e-mail protad.hc@uol.com.br.<\/p>\n<p>Autismo \u2013 Meninas de 4 a 16 anos e 11 meses, com diagn\u00f3stico de autismo, residentes em S\u00e3o Paulo. Ser\u00e1 avaliada a efic\u00e1cia de medicamento na redu\u00e7\u00e3o dos preju\u00edzos na \u00e1rea da intera\u00e7\u00e3o social. Inscri\u00e7\u00f5es pelo e-mail debzambori@gmail.com.<\/p>\n<p>Automutila\u00e7\u00e3o \u2013 Volunt\u00e1rios com mais de 18 anos que apresentem comportamento intencional envolvendo agress\u00e3o direta ao pr\u00f3prio corpo, tais como cortar a pr\u00f3pria pele e bater em si mesmo. Informa\u00e7\u00f5es para triagem pelo telefone (11) 2661-7805 ou pelo e-mail proamiti.secretaria@gmail.com.<\/p>\n<p>Bulimia \u2013 Adolescentes de at\u00e9 17 anos com bulimia nervosa. Os pacientes receber\u00e3o atendimento psiqui\u00e1trico, nutricional e psicol\u00f3gico. Inscri\u00e7\u00f5es pelo e-mail protad.hc@uol.com.br.<\/p>\n<p>Ci\u00fame patol\u00f3gico \u2013 Maiores de 18 anos que percebam que o ci\u00fame prejudica o relacionamento amoroso de alguma forma, sendo motivo de brigas ou discuss\u00f5es. Informa\u00e7\u00f5es pelo telefone (11) 2661-7805 ou pelo e-mail proamiti.secretaria@gmail.com.<\/p>\n<p>Cleptomania \u2013 Transtorno caracterizado pelo furto impulsivo de objetos desnecess\u00e1rios, geralmente para uso pessoal e de baixo valor monet\u00e1rio. O tratamento oferecido \u00e9 individual e inclui psicoterapia. Informa\u00e7\u00f5es e inscri\u00e7\u00f5es pelo telefone (11) 2661-7805 ou pelo e-mail proamiti.secretaria@gmail.com.<\/p>\n<p>Compra compulsiva (Oniomania) \u2013 Pessoas de 21 a 60 anos que apresentem comportamento repetitivo de gastar descontroladamente. Os pacientes tamb\u00e9m podem apresentar outros transtornos associados, como ansiedade e depress\u00e3o. Inscri\u00e7\u00f5es pelo telefone (11) 2661 7805 ou por meio do site www.amiti.com.br.<\/p>\n<p>Compuls\u00e3o alimentar \u2013 Mulheres de 18 a 60 anos que tenham realizado cirurgia bari\u00e1trica para perda de peso h\u00e1 mais de dois anos, mas que mantenham o \u00cdndice de Massa Corporal superior a 30kg\/m\u00b2 e apresentem epis\u00f3dios de compuls\u00e3o alimentar. Informa\u00e7\u00f5es para triagem pelo e-mail ambulim.ipq@hc.fm.usp.br.<\/p>\n<p>Crian\u00e7as pr\u00e9-escolares com medos noturnos \u2013 Crian\u00e7as de 4 a 6 anos que apresentem medos noturnos intensos, acompanhados de dificuldades para dormirem sozinhas. Os respons\u00e1veis podem se inscrever pelos e-mails renatha.rafihi@hc.fm.usp.br ou sandra.quero@casamagica.net.br.<\/p>\n<p>Depend\u00eancia tecnol\u00f3gica \u2013 Maiores de 18 anos que apresentem depend\u00eancia de internet, jogos on-line e celular. O tratamento inclui psicoterapia e medicamentos. Inscri\u00e7\u00f5es pelo telefone (11) 2661-7805 ou pelo e-mail proamiti.secretaria@gmail.com.<\/p>\n<p>Depress\u00e3o \u2013 Homens e mulheres acima de 60 anos, que estejam em tratamento com antidepressivo h\u00e1 seis meses, no m\u00ednimo, e que ainda n\u00e3o tenham apresentado melhora. Informa\u00e7\u00f5es pelo e-mail projeto.depressao.idosos@gmail.com ou pelo telefone (11) 2661-6973.<\/p>\n<p>Epilepsia \u2013 Crian\u00e7as e adolescentes de 6 a 16 anos com diagn\u00f3stico de epilepsia rol\u00e2ndica, ou adolescentes e adultos de 16 a 55 anos com epilepsia miocl\u00f4nica juvenil. Informa\u00e7\u00f5es e inscri\u00e7\u00f5es pelo site www.epilepsiahc.org.<\/p>\n<p>Esquizofrenia \u2013 Pessoas de 18 a 60 anos, com diagn\u00f3stico de esquizofrenia, para uma nova abordagem terap\u00eautica que mostra efic\u00e1cia no controle de sintomas chamados negativos. Informa\u00e7\u00f5es pelo e-mail pesquisa.esquizofrenia@gmail.com.<\/p>\n<p>Estresse p\u00f3s-traum\u00e1tico \u2013 Volunt\u00e1rios de 18 a 65 anos que tenham vivenciado eventos traum\u00e1ticos em qualquer momento da vida e que ainda se encontrem emocionalmente abalados. Inscri\u00e7\u00f5es pelo e-mail novasestrategias.ipq@hc.fm.usp.br ou pelo telefone (11) 94990-4532.<\/p>\n<p>Gestantes e p\u00f3s-parto \u2013 Gestantes de 18 a 45 anos com quadros de depress\u00e3o e ansiedade e para mulheres at\u00e9 o 6\u00ba m\u00eas do per\u00edodo p\u00f3s-parto, de 18 a 45 anos, com quadro de depress\u00e3o p\u00f3s-parto. Agendamento da triagem pelo telefone (11) 2661-6440.<\/p>\n<p>Homossexuais masculinos a partir de 50 anos \u2013 O grupo abordar\u00e1 quest\u00f5es emocionais e afetivas, al\u00e9m de discutir aspectos relacionados \u00e0 maturidade, fam\u00edlia, trabalho, carreira, sexualidade e outros. Inscri\u00e7\u00f5es pelo e-mail maturidadeemcores@gmail.com.<\/p>\n<p>Impulso sexual excessivo \u2013 Homens e mulheres acima de 18 anos que apresentem compuls\u00e3o sexual. Ser\u00e3o oferecidos tratamentos psicoter\u00e1pico e medicamentoso. Inscri\u00e7\u00f5es para a triagem pelo telefone (11) 2661-7805 ou pelo e-mail proamiti.secretaria@gmail.com.<\/p>\n<p>Jogo patol\u00f3gico \u2013 Volunt\u00e1rios maiores de 18 anos que apresentem compuls\u00e3o por jogos de azar, a ponto de prejudicar o trabalho, finan\u00e7as ou relacionamentos. Inscri\u00e7\u00f5es para triagem pelo telefone (11) 2661-7805 ou pelo e-mail proamjo.secretaria@gmail.com.<\/p>\n<p>Mem\u00f3ria \u2013 Pessoas a partir de 60 anos, sem dificuldades de mem\u00f3ria e racioc\u00ednio em geral ou apenas com dificuldades leves. O estudo pretende identificar o risco de desenvolvimento da doen\u00e7a de Alzheimer, com uso de uma nova tecnologia diagn\u00f3stica. Informa\u00e7\u00f5es pelo e-mail pesquisamemorialim27@gmail.com.<\/p>\n<p>Portadores de doen\u00e7a de Alzheimer e seus cuidadores \u2013 Pessoas acima de 60 anos que apresentem dem\u00eancia de Alzheimer, bem como seu cuidador direto, maior de 18 anos, que aprender\u00e1 a manejar pacientes que apresentem agita\u00e7\u00e3o, agressividade e altera\u00e7\u00f5es do sono. Inscri\u00e7\u00f5es pelo e-mail xandamartini@usp.br.<\/p>\n<p>TDAH \u2013 Crian\u00e7as entre 3 anos e 11 meses e 5 anos e 11 meses que apresentem agita\u00e7\u00e3o e falta de aten\u00e7\u00e3o. Se confirmado o diagn\u00f3stico de Transtorno de D\u00e9ficit de Aten\u00e7\u00e3o e Hiperatividade (TDAH), o paciente ser\u00e1 inclu\u00eddo em protocolo de tratamento. Informa\u00e7\u00f5es e inscri\u00e7\u00f5es no site www.estudomappa.com.<\/p>\n<p>Idosos com TDAH \u2013 Pessoas a partir de 65 anos que apresentem sintomas de Transtorno de D\u00e9ficit Aten\u00e7\u00e3o e Hiperatividade (TDAH) desde a juventude. Inscri\u00e7\u00f5es para triagem pelo e-mail idosotdah@gmail.com.<\/p>\n<p>TOC \u2013 Pacientes com diagn\u00f3stico de Transtorno Obsessivo-Compulsivo (TOC), de 14 a 65 anos, em tratamento farmacol\u00f3gico, mas sem resposta adequada. Os volunt\u00e1rios receber\u00e3o assist\u00eancia psiqui\u00e1trica e ajuda de custo para deslocamento. Informa\u00e7\u00f5es pelo e-mail pesquisa.toc.etcc@gmail.com ou pelo telefone (11) 2661-6972.<\/p>\n<p>TOC \u2013 Homens e mulheres de 18 a 65 anos, com diagn\u00f3stico de TOC, sem tratamento psiqui\u00e1trico nos \u00faltimos tr\u00eas meses. Os pacientes passar\u00e3o por exames cl\u00ednicos e de resson\u00e2ncia magn\u00e9tica de cr\u00e2nio e receber\u00e3o tratamento medicamentoso. Inscri\u00e7\u00f5es para triagem pelo e-mail julianadiniz@usp.br ou telefone (11) 2661-6972.<\/p>\n<p>Do Portal do Governo SP<\/p>\n","protected":false},"excerpt":{"rendered":"<p>O Instituto de Psiquiatria do Hospital das Cl\u00ednicas de S\u00e3o Paulo est\u00e1 com inscri\u00e7\u00f5es abertas para 200 vagas voltadas ao tratamento de pacientes volunt\u00e1rios em diversos grupos de pesquisa. A participa\u00e7\u00e3o no projeto \u00e9 gratuita e inclui medica\u00e7\u00f5es, exames laboratoriais e de imagem. O programa envolve profissionais que analisam mais de 20 ocorr\u00eancias, como, por [&hellip;]<\/p>\n","protected":false},"author":2,"featured_media":37376,"comment_status":"open","ping_status":"closed","sticky":false,"template":"","format":"standard","meta":{"tdm_status":"","tdm_grid_status":"","footnotes":""},"categories":[22,5],"tags":[],"class_list":{"0":"post-110901","1":"post","2":"type-post","3":"status-publish","4":"format-standard","5":"has-post-thumbnail","7":"category-brasil","8":"category-saude-e-vida"},"_links":{"self":[{"href":"https:\/\/migracao.redenoticia.com.br\/noticia\/wp-json\/wp\/v2\/posts\/110901","targetHints":{"allow":["GET"]}}],"collection":[{"href":"https:\/\/migracao.redenoticia.com.br\/noticia\/wp-json\/wp\/v2\/posts"}],"about":[{"href":"https:\/\/migracao.redenoticia.com.br\/noticia\/wp-json\/wp\/v2\/types\/post"}],"author":[{"embeddable":true,"href":"https:\/\/migracao.redenoticia.com.br\/noticia\/wp-json\/wp\/v2\/users\/2"}],"replies":[{"embeddable":true,"href":"https:\/\/migracao.redenoticia.com.br\/noticia\/wp-json\/wp\/v2\/comments?post=110901"}],"version-history":[{"count":0,"href":"https:\/\/migracao.redenoticia.com.br\/noticia\/wp-json\/wp\/v2\/posts\/110901\/revisions"}],"wp:featuredmedia":[{"embeddable":true,"href":"https:\/\/migracao.redenoticia.com.br\/noticia\/wp-json\/wp\/v2\/media\/37376"}],"wp:attachment":[{"href":"https:\/\/migracao.redenoticia.com.br\/noticia\/wp-json\/wp\/v2\/media?parent=110901"}],"wp:term":[{"taxonomy":"category","embeddable":true,"href":"https:\/\/migracao.redenoticia.com.br\/noticia\/wp-json\/wp\/v2\/categories?post=110901"},{"taxonomy":"post_tag","embeddable":true,"href":"https:\/\/migracao.redenoticia.com.br\/noticia\/wp-json\/wp\/v2\/tags?post=110901"}],"curies":[{"name":"wp","href":"https:\/\/api.w.org\/{rel}","templated":true}]}}