{"id":110907,"date":"2017-04-10T00:42:26","date_gmt":"2017-04-10T03:42:26","guid":{"rendered":"https:\/\/www.redenoticia.com.br\/noticia\/?p=110907"},"modified":"2017-04-09T18:24:03","modified_gmt":"2017-04-09T21:24:03","slug":"comissao-abre-consulta-publica-sobre-incorporacao-de-novas-tecnologias-no-sus","status":"publish","type":"post","link":"https:\/\/migracao.redenoticia.com.br\/noticia\/2017\/comissao-abre-consulta-publica-sobre-incorporacao-de-novas-tecnologias-no-sus\/110907","title":{"rendered":"Comiss\u00e3o abre consulta p\u00fablica sobre incorpora\u00e7\u00e3o de novas tecnologias no SUS"},"content":{"rendered":"<p> A Comiss\u00e3o Nacional de Incorpora\u00e7\u00e3o de <strong><em>Tecnologias no SUS<\/em><\/strong> (Conitec) est\u00e1 com seis consultas p\u00fablicas em aberto para receber da popula\u00e7\u00e3o e da comunidade cient\u00edfica contribui\u00e7\u00f5es sobre a incorpora\u00e7\u00e3o de tecnologias no Sistema \u00danico de Sa\u00fade (SUS). As cr\u00edticas e sugest\u00f5es podem ser enviadas at\u00e9 13 de abril.<\/p>\n<p>Est\u00e3o em consulta as propostas de atualiza\u00e7\u00e3o dos protocolos cl\u00ednicos e diretrizes terap\u00eauticas para as doen\u00e7as de Parkinson, espondilite ancilosante, artrite psor\u00edaca, de Gaucher e hepatite C e coinfec\u00e7\u00f5es. Tamb\u00e9m est\u00e1 em consulta a utiliza\u00e7\u00e3o de oxigenoterapia hiperb\u00e1rica para o tratamento do p\u00e9 diab\u00e9tico.<\/p>\n<p>Os relat\u00f3rios com as recomenda\u00e7\u00f5es preliminares da comiss\u00e3o e os formul\u00e1rios para contribui\u00e7\u00f5es est\u00e3o dispon\u00edveis no site da Conitec.<\/p>\n<p>No site est\u00e3o dispon\u00edveis dois formul\u00e1rios eletr\u00f4nicos, um para contribui\u00e7\u00f5es de cunho t\u00e9cnico-cient\u00edfico e outro para que pacientes ou seus respons\u00e1veis relatem suas experi\u00eancias no uso de medicamentos, produtos e procedimentos.<\/p>\n<p>Segundo o \u00f3rg\u00e3o, as consultas p\u00fablicas t\u00eam o objetivo de estimular a participa\u00e7\u00e3o social e embasar as decis\u00f5es sobre formula\u00e7\u00e3o e defini\u00e7\u00e3o de pol\u00edticas p\u00fablicas. O processo de avalia\u00e7\u00e3o de tecnologias em sa\u00fade antecede a incorpora\u00e7\u00e3o, exclus\u00e3o ou altera\u00e7\u00e3o de tecnologias no SUS.<\/p>\n<p>Ap\u00f3s discutir sobre as contribui\u00e7\u00f5es recebidas nas consultas p\u00fablicas, os membros do plen\u00e1rio v\u00e3o emitir recomenda\u00e7\u00e3o final sobre o medicamento ou tecnologia avaliado. O relat\u00f3rio t\u00e9cnico com a recomenda\u00e7\u00e3o da Conitec \u00e9, ent\u00e3o, encaminhado \u00e0 Secretaria de Ci\u00eancia, Tecnologia e Insumos Estrat\u00e9gicos do Minist\u00e9rio da Sa\u00fade, que decide se o medicamento ou tecnologia ser\u00e1 incorporado ao SUS.<\/p>\n<p>Andreia Verd\u00e9lio \u2013 Rep\u00f3rter da Ag\u00eancia Brasil<br \/>\nEdi\u00e7\u00e3o: Maria Claudia<br \/>\n10\/04\/2017<\/p>\n","protected":false},"excerpt":{"rendered":"<p>A Comiss\u00e3o Nacional de Incorpora\u00e7\u00e3o de Tecnologias no SUS (Conitec) est\u00e1 com seis consultas p\u00fablicas em aberto para receber da popula\u00e7\u00e3o e da comunidade cient\u00edfica contribui\u00e7\u00f5es sobre a incorpora\u00e7\u00e3o de tecnologias no Sistema \u00danico de Sa\u00fade (SUS). As cr\u00edticas e sugest\u00f5es podem ser enviadas at\u00e9 13 de abril. Est\u00e3o em consulta as propostas de atualiza\u00e7\u00e3o [&hellip;]<\/p>\n","protected":false},"author":2,"featured_media":37419,"comment_status":"open","ping_status":"closed","sticky":false,"template":"","format":"standard","meta":{"tdm_status":"","tdm_grid_status":"","footnotes":""},"categories":[22,5],"tags":[],"class_list":{"0":"post-110907","1":"post","2":"type-post","3":"status-publish","4":"format-standard","5":"has-post-thumbnail","7":"category-brasil","8":"category-saude-e-vida"},"_links":{"self":[{"href":"https:\/\/migracao.redenoticia.com.br\/noticia\/wp-json\/wp\/v2\/posts\/110907","targetHints":{"allow":["GET"]}}],"collection":[{"href":"https:\/\/migracao.redenoticia.com.br\/noticia\/wp-json\/wp\/v2\/posts"}],"about":[{"href":"https:\/\/migracao.redenoticia.com.br\/noticia\/wp-json\/wp\/v2\/types\/post"}],"author":[{"embeddable":true,"href":"https:\/\/migracao.redenoticia.com.br\/noticia\/wp-json\/wp\/v2\/users\/2"}],"replies":[{"embeddable":true,"href":"https:\/\/migracao.redenoticia.com.br\/noticia\/wp-json\/wp\/v2\/comments?post=110907"}],"version-history":[{"count":0,"href":"https:\/\/migracao.redenoticia.com.br\/noticia\/wp-json\/wp\/v2\/posts\/110907\/revisions"}],"wp:featuredmedia":[{"embeddable":true,"href":"https:\/\/migracao.redenoticia.com.br\/noticia\/wp-json\/wp\/v2\/media\/37419"}],"wp:attachment":[{"href":"https:\/\/migracao.redenoticia.com.br\/noticia\/wp-json\/wp\/v2\/media?parent=110907"}],"wp:term":[{"taxonomy":"category","embeddable":true,"href":"https:\/\/migracao.redenoticia.com.br\/noticia\/wp-json\/wp\/v2\/categories?post=110907"},{"taxonomy":"post_tag","embeddable":true,"href":"https:\/\/migracao.redenoticia.com.br\/noticia\/wp-json\/wp\/v2\/tags?post=110907"}],"curies":[{"name":"wp","href":"https:\/\/api.w.org\/{rel}","templated":true}]}}