{"id":11093,"date":"2009-09-09T11:56:06","date_gmt":"2009-09-09T15:56:06","guid":{"rendered":"http:\/\/www.redenoticia.com.br\/noticia\/?p=11093"},"modified":"2009-09-09T11:56:06","modified_gmt":"2009-09-09T15:56:06","slug":"jovens-gigantes-do-judo-em-ji-parana","status":"publish","type":"post","link":"https:\/\/migracao.redenoticia.com.br\/noticia\/2009\/jovens-gigantes-do-judo-em-ji-parana\/11093","title":{"rendered":"Jovens gigantes do jud\u00f4 em Ji-Paran\u00e1"},"content":{"rendered":"<p>Tr\u00eas jovens garotas, de fam\u00edlias humildes e vida simples, t\u00eam a oportunidade de reescrever a hist\u00f3ria do jud\u00f4 de Ji-Paran\u00e1, Rond\u00f4nia. Adriele dos Santos, Sheila Gonzaga e Adriana Rocha, aguardam, ansiosamente, pela convoca\u00e7\u00e3o da Secretaria de Educa\u00e7\u00e3o do Estado (Seduc), para disputarem medalhas durante as Olimp\u00edadas Escolares 2009 (Jeb\u2019s), que acontecer\u00e1 entre os dias 15 e 22 do pr\u00f3ximo m\u00eas de outubro, em Londrina (PR).<\/p>\n<p>Adriele (17), Sheila (16) e Adriana (16), s\u00e3o integrantes do projeto Sonho Meu, desenvolvido pela Funda\u00e7\u00e3o Ji-Cred, em Ji-Paran\u00e1, que atende atualmente cerca de 170 crian\u00e7as de fam\u00edlias carentes do munic\u00edpio. A partir dos oito, at\u00e9 os 17 anos, os jovens podem participar gratuitamente dos cursos oferecidos pela institui\u00e7\u00e3o. Atualmente s\u00e3o oferecidas aulas de ingl\u00eas, inform\u00e1tica, m\u00fasica, jud\u00f4 e futebol. As aulas de m\u00fasica s\u00e3o divididas em canto, saxofone, trombone, flauta doce, violoncelo e violino.<\/p>\n<p>As garotas foram classificadas durante os Jogos Estudantis, fase estadual, que aconteceu no munic\u00edpio no \u00faltimo m\u00eas de agosto. De acordo com o sensei Paran\u00e1 (Ant\u00f4nio Carlos), elas s\u00e3o muito dedicadas e est\u00e3o treinando muito para disputar medalhas na categoria de 15 a 17 anos. Como s\u00e3o alunas de escolas estaduais, Tancredo de Almeida Neves e Marcos Bispo, as garotas dever\u00e3o receber do Governo do Estado todas as condi\u00e7\u00f5es necess\u00e1rias para participar desta disputa, em n\u00edvel nacional, com conforto e seguran\u00e7a.<\/p>\n<p>\u201cEstou treinando jud\u00f4 h\u00e1 tr\u00eas anos. At\u00e9 iniciar aqui no projeto eu n\u00e3o havia nem escutado falar de jud\u00f4, agora pretendo seguir em frente e vencer grandes disputas\u201d, explicou Sheila, que treina tr\u00eas vezes por semana.<\/p>\n<p>A Funda\u00e7\u00e3o Ji-Cred viabiliza todas as condi\u00e7\u00f5es necess\u00e1rias para que esses jovens possam ter uma forma\u00e7\u00e3o esportiva e s\u00f3cio-cultural da melhor qualidade. Na \u00e1rea onde funciona o Sonho Meu, s\u00e3o disponibilizadas confort\u00e1veis salas de aula, quadra de futebol, refeit\u00f3rio, salas administrativas, banheiros, brinquedoteca, entre outros. Os alunos recebem gratuitamente todo o material necess\u00e1rio, tanto de uso coletivo, como bolas e instrumentos musicais, al\u00e9m dos individuais, como os quimonos. Eles participam dos cursos no hor\u00e1rio inverso ao que est\u00e3o na escola, e durante todo o tempo que est\u00e3o no projeto recebem tamb\u00e9m alimenta\u00e7\u00e3o balanceada, indispens\u00e1vel para a boa forma\u00e7\u00e3o de todo ser humano.<\/p>\n<p>Al\u00e9m de toda estrutura f\u00edsica, a Funda\u00e7\u00e3o oferece profissionais altamente capacitados, nas \u00e1reas pedag\u00f3gicas, de assist\u00eancia social e psicol\u00f3gica, que d\u00e3o todo o suporte necess\u00e1rio aos integrantes do projeto. O Sonho Meu \u00e9 atualmente coordenado por Ang\u00e9lica Haidamus, e tem como assistentes sociais Ang\u00e9lica Costa e Lidiane Tanazildo, al\u00e9m das pedagogas Angelita Farias e Lucin\u00e9ia Nascimento. A \u00e1rea de psicologia \u00e9 coordenada por D\u00e9bora Fernandes, e sete professores ministram os cursos oferecidos.<\/p>\n","protected":false},"excerpt":{"rendered":"<p>Tr\u00eas jovens garotas, de fam\u00edlias humildes e vida simples, t\u00eam a oportunidade de reescrever a hist\u00f3ria do jud\u00f4 de Ji-Paran\u00e1, Rond\u00f4nia. Adriele dos Santos, Sheila Gonzaga e Adriana Rocha, aguardam, ansiosamente, pela convoca\u00e7\u00e3o da Secretaria de Educa\u00e7\u00e3o do Estado (Seduc), para disputarem medalhas durante as Olimp\u00edadas Escolares 2009 (Jeb\u2019s), que acontecer\u00e1 entre os dias 15 [&hellip;]<\/p>\n","protected":false},"author":3,"featured_media":0,"comment_status":"open","ping_status":"open","sticky":false,"template":"","format":"standard","meta":{"tdm_status":"","tdm_grid_status":"","footnotes":""},"categories":[22],"tags":[],"class_list":{"0":"post-11093","1":"post","2":"type-post","3":"status-publish","4":"format-standard","6":"category-brasil"},"_links":{"self":[{"href":"https:\/\/migracao.redenoticia.com.br\/noticia\/wp-json\/wp\/v2\/posts\/11093","targetHints":{"allow":["GET"]}}],"collection":[{"href":"https:\/\/migracao.redenoticia.com.br\/noticia\/wp-json\/wp\/v2\/posts"}],"about":[{"href":"https:\/\/migracao.redenoticia.com.br\/noticia\/wp-json\/wp\/v2\/types\/post"}],"author":[{"embeddable":true,"href":"https:\/\/migracao.redenoticia.com.br\/noticia\/wp-json\/wp\/v2\/users\/3"}],"replies":[{"embeddable":true,"href":"https:\/\/migracao.redenoticia.com.br\/noticia\/wp-json\/wp\/v2\/comments?post=11093"}],"version-history":[{"count":0,"href":"https:\/\/migracao.redenoticia.com.br\/noticia\/wp-json\/wp\/v2\/posts\/11093\/revisions"}],"wp:attachment":[{"href":"https:\/\/migracao.redenoticia.com.br\/noticia\/wp-json\/wp\/v2\/media?parent=11093"}],"wp:term":[{"taxonomy":"category","embeddable":true,"href":"https:\/\/migracao.redenoticia.com.br\/noticia\/wp-json\/wp\/v2\/categories?post=11093"},{"taxonomy":"post_tag","embeddable":true,"href":"https:\/\/migracao.redenoticia.com.br\/noticia\/wp-json\/wp\/v2\/tags?post=11093"}],"curies":[{"name":"wp","href":"https:\/\/api.w.org\/{rel}","templated":true}]}}